{"id":6579,"date":"2023-06-20T13:04:32","date_gmt":"2023-06-20T11:04:32","guid":{"rendered":"https:\/\/terredeshommes.it\/?p=6579"},"modified":"2023-06-20T13:04:43","modified_gmt":"2023-06-20T11:04:43","slug":"benessere-e-salute-mentale-per-i-giovani-migranti","status":"publish","type":"post","link":"https:\/\/terredeshommes.it\/eng\/comunicati\/benessere-e-salute-mentale-per-i-giovani-migranti\/","title":{"rendered":"Benessere e salute mentale per i giovani migranti"},"content":{"rendered":"<p>[et_pb_section fb_built=&#8221;1&#8243; _builder_version=&#8221;4.16&#8243; global_colors_info=&#8221;{}&#8221;][et_pb_row _builder_version=&#8221;4.16&#8243; background_size=&#8221;initial&#8221; background_position=&#8221;top_left&#8221; background_repeat=&#8221;repeat&#8221; global_colors_info=&#8221;{}&#8221;][et_pb_column type=&#8221;4_4&#8243; _builder_version=&#8221;4.16&#8243; custom_padding=&#8221;|||&#8221; global_colors_info=&#8221;{}&#8221; custom_padding__hover=&#8221;|||&#8221;][et_pb_text _builder_version=&#8221;4.18.0&#8243; background_size=&#8221;initial&#8221; background_position=&#8221;top_left&#8221; background_repeat=&#8221;repeat&#8221; hover_enabled=&#8221;0&#8243; global_colors_info=&#8221;{}&#8221; sticky_enabled=&#8221;0&#8243;]<\/p>\n<p>Il benessere e la salute mentale dei giovani migranti devono essere considerate una priorit\u00e0.<\/p>\n<p>Sono <strong>6.151<\/strong> i minori stranieri non accompagnati arrivati in Italia tra gennaio e il 12 giugno 2023.<a href=\"#_ftn1\" name=\"_ftnref1\"><sup>[1]<\/sup><\/a><\/p>\n<p>Il <strong>74%<\/strong> tra loro ha un\u2019et\u00e0 compresa tra i <strong>15 e i 17 anni<\/strong>. Si tratta di adolescenti costretti ad intraprendere un viaggio estremamente pericoloso e precario. Ne danno conferma le cronache dell\u2019ultima settimana, dopo l\u2019ennesima <strong>tragedia al largo della Grecia.<\/strong><\/p>\n<p>Questi ragazzi e ragazze sono esposti a minacce ripetute, instabilit\u00e0 e paura. Sono inoltre esposti al rischio di violenza, inclusa la violenza di genere, in tutte le fasi del viaggio.<\/p>\n<p>Tutte situazioni che, unite al periodo di sviluppo, creano una cosiddetta \u201c<strong>tripla transizione<\/strong>\u201d e un alto livello di vulnerabilit\u00e0. Essi infatti:<\/p>\n<ul>\n<li>Sono costretti a diventare <strong>adulti troppo in fretta<\/strong>.<\/li>\n<li>Devono <strong>superare l\u2019angoscia delle sofferenze <\/strong>vissute, che hanno conseguenze a livello psicologico sul breve e lungo periodo<\/li>\n<li>Devono adattarsi ad un <strong>contesto<\/strong> (sociale, culturale, linguistico) <strong>totalmente nuovo<\/strong>, senza nessun punto di riferimento adulto che possa accompagnarli.<\/li>\n<\/ul>\n<h3>TERRE DES HOMMES E UNICEF INSIEME PER IL BENESSERE E LA SALUTE MENTALE DEGLI ADOLESCENTI MIGRANTI E RIFUGIATI.\u00a0\u00a0<\/h3>\n<p><strong><a href=\"https:\/\/terredeshommes.it\/eng\/\" target=\"_blank\" rel=\"noopener\">Terre des Hommes<\/a> e <a href=\"https:\/\/www.unicef.it\/\" target=\"_blank\" rel=\"noopener\">UNICEF<\/a>, <\/strong>in partnership, dallo scorso marzo stanno realizzando un programma che mira a garantire il <strong>benessere psicosociale e la salute mentale<\/strong> dei e delle adolescenti migranti e rifugiati\/e, e di chi se ne prende cura, i cos\u00ec detti <strong><em>caregiver,<\/em><\/strong> nonch\u00e9 delle <strong>comunit\u00e0<\/strong> in cui vivono.<\/p>\n<p>Le tre <strong>equipe territoriali<\/strong> di Terre des Hommes, composte da psicologo\/a, educatore\/educatrice, mediatrice culturale e assistente sociale, operano a <strong>Milano, Genova e Ragusa<\/strong>, con specifiche attivit\u00e0 di supporto psicosociale, rivolte sia ai <strong>gruppi di adolescenti,<\/strong> che ai <strong><em>caregiver <\/em><\/strong>(tutori volontari, famiglie affidatarie, genitori e parenti maggiorenni).<\/p>\n<p>Inoltre, il progetto prevede anche una <strong>formazione<\/strong> di diversi operatori coinvolti nel percorso di supporto e integrazione di questi e queste adolescenti (insegnanti, volontari, educatori, mediatori culturali, assistenti sociali e operatori sanitari).<\/p>\n<p>L\u2019obiettivo \u00e8 quello di:<\/p>\n<ul>\n<li>colmare la <strong>carenza di adeguato supporto psicosociale per gli e le adolescenti migranti<\/strong>, all\u2019interno dei centri di accoglienza,<\/li>\n<li><strong>connettere meglio <\/strong>i centri di accoglienza con i servizi di supporto psicosociale,<\/li>\n<li><strong>sostenere anche i <em>caregiver<\/em><\/strong>, fornendo loro il supporto psicosociale di cui necessitano.<\/li>\n<\/ul>\n<p>\u00a0<em>\u201cNoi di Terre des Hommes siamo presenti sui luoghi di sbarco dal 2011 e negli anni abbiamo consolidato un modello che ci ha permesso di intervenire in maniera efficace, anche in fasi particolarmente emergenziali, per garantire la protezione dei diritti e il supporto psico sociale di ragazzi minorenni che arrivano sulle nostre coste soli.\u201d <\/em>Afferma <strong>Federica Giannotta<\/strong>, <strong>Responsabile Programmi Italia e Advocacy di Terre des Hommes<\/strong> \u201c<em>in molti altri Paesi gi\u00e0 da anni siamo partner di UNICEF nell\u2019implementazione di progetti a favore dell\u2019infanzia ed \u00e8 una grande soddisfazione per noi poter collaborare anche qui in Italia,<\/em> <em>unire le forze e mettere a sistema competenze strategiche che ci permettono di realizzare interventi che continuino ad offrire a questi ragazzi il supporto psicosociale adeguato, che sappiamo essere fondamentale per il loro percorso di crescita ed integrazione.\u201d<\/em><\/p>\n<p><em>\u201c L\u2019intensit\u00e0 della sofferenza psicologica che caratterizza il loro vissuto, unitamente alle sfide legate al processo di adattamento e integrazione al nuovo contesto, sollecitano una presa in carico integrata, tempestiva e competente sin dalla primissima fase di ingresso in Italia \u2013 <\/em><strong>Nicola Dell\u2019Arciprete, Coordinatore della risposta in Italia dell\u2019Ufficio UNICEF per l\u2019Europa e l\u2019Asia centrale<\/strong><em> &#8211; L\u2019evidenza mostra che la capacit\u00e0 di prestare\u00a0attenzione all\u2019unicit\u00e0\u00a0di ciascun percorso di vita al fine di erogare un supporto individualizzato\u00a0e di realizzare un\u2019azione sinergica\u00a0tra i diversi attori restano tra i principali fattori di successo per migliorare i meccanismi di risposta\u201d.<\/em><\/p>\n<p><strong>L\u2019UNICEF e Terres des Hommes <\/strong>sottolineano la necessit\u00e0 di assicurare che tutti i giovani e le giovani a rischio o in situazione di vulnerabilit\u00e0 a causa di violenze\u2013 inclusa la violenza di genere \u2013 torture o altri traumi legati al viaggio o alle ragioni che hanno motivato la partenza, le vittime di tratta e portatori di disagio mentale possano <strong>usufruire di interventi psicosociali di prevenzione o di risposta tempestivi<\/strong>, adatti all\u2019et\u00e0, al genere e ai propri riferimenti culturali.<\/p>\n<p>Il programma congiunto fa parte di una sperimentazione portata avanti dall\u2019UNICEF in ben 9 Paesi del mondo, ed \u00e8 realizzato in partenariato e con il supporto di <strong>Z Zurich Foundation<\/strong> e <strong>Zurich Insurance.<\/strong><\/p>\n<h3>TERRE DES HOMMES ASSISTE BAMBINI E BAMBINE RIFUGIATE IN TUTTO IL MONDO<\/h3>\n<p>Terre des Hommes da sempre mette al centro del suo impegno la protezione e i diritti dei bambini pi\u00f9 vulnerabili, come sono i bambini e le bambine rifugiate. Oltre ai progetti realizzati in Italia, la Fondazione \u00e8 presente in tutta la regione mediorientale (in <strong>Siria, Libano, Giordania e Iraq<\/strong>) dove da 12 anni assiste con interventi di educazione in emergenza, salute materno infantile, protezione e supporto psicosociale i rifugiati della crisi siriana. In <strong>Colombia<\/strong> ha attivi progetti di aiuto umanitario per i rifugiati, soprattutto donne e bambini, provenienti da <strong>Venezuela<\/strong>, in <strong>Zimbabwe<\/strong> nel campo rifugiati di Tongorara, Terre des Hommes distribuisce aiuti, garantisce istruzione ai bambini e alle bambine e coinvolge le famiglie in piccole attivit\u00e0 agricole per la sicurezza alimentare. A seguito dell\u2019emergenza <strong>Ucraina<\/strong> la Fondazione ha da subito attivato progettualit\u00e0 in <strong>Italia<\/strong>, <strong>Polonia<\/strong> e Ucraina, per garantire il supporto psicosociale di bambini, bambine e delle loro famiglie in fuga dalla guerra.<\/p>\n<p>&nbsp;<\/p>\n<p><a href=\"#_ftnref1\" name=\"_ftn1\"><sup>[1]<\/sup><\/a> Cruscotto statistico del Ministero dell\u2019 Interno aggiornato al 15\/06\/2023 <a href=\"https:\/\/www.interno.gov.it\/sites\/default\/files\/2023-06\/cruscotto_statistico_giornaliero_15-06-2023.pdf\">https:\/\/www.interno.gov.it\/sites\/default\/files\/2023-06\/cruscotto_statistico_giornaliero_15-06-2023.pdf<\/a><\/p>\n<p>&nbsp;<\/p>\n<p>[\/et_pb_text][\/et_pb_column][\/et_pb_row][\/et_pb_section]<\/p>\n","protected":false},"excerpt":{"rendered":"<p>Il benessere e la salute mentale dei giovani migranti devono essere considerate una priorit\u00e0. Sono 6.151 i minori stranieri non accompagnati arrivati in Italia tra gennaio e il 12 giugno 2023.[1] Il 74% tra loro ha un\u2019et\u00e0 compresa tra i 15 e i 17 anni. Si tratta di adolescenti costretti ad intraprendere un viaggio estremamente [&hellip;]<\/p>\n","protected":false},"author":6,"featured_media":6584,"comment_status":"closed","ping_status":"closed","sticky":false,"template":"","format":"standard","meta":{"_et_pb_use_builder":"on","_et_pb_old_content":"<p>\u201c<i>Presto <strong>le nostre bambine non dovranno pi\u00f9 percorrere lunghe distanze per portare l\u2019acqua a casa<\/strong> e la nostra comunit\u00e0 potr\u00e0 addirittura vendere gli ortaggi che cresceranno vicino casa!<\/i>\u201d<\/p><p>\u00c8 ottimista <strong>Pearson Chinuwe<\/strong>, presidente della comunit\u00e0 di <strong>Mubagwashe<\/strong>, un villaggio rurale del Sud-Est dello Zimbabwe, <strong>dove gli effetti della desertificazione a causa dei cambiamenti climatici sono sotto gli occhi di tutti<\/strong>.<\/p><p>Questa nazione infatti \u00e8 <a href=\"https:\/\/www.ibanet.org\/climate-change-cop26-and-the-impact-in-zimbabwe\" target=\"_blank\" rel=\"noopener\">estremamente vulnerabile al riscaldamento globale<\/a>:<\/p><ul><li>nell'ultimo secolo <strong>le temperature sono<\/strong> <strong>aumentate di circa due gradi<\/strong><\/li><li><strong>le precipitazioni annuali sono diminuite del 20-30%<\/strong>, con conseguente riduzione dell\u2019acqua dolce<\/li><li><strong>l'80% della produzione agricola<\/strong> <strong>dipende<\/strong> esclusivamente <strong>dalle piogge<\/strong><\/li><li>Il periodo delle precipitazioni si \u00e8 spostato dall'inizio di novembre alla <strong>fine di dicembre<\/strong><\/li><li>negli ultimi 20 anni ci sono stati <strong>10 periodi di siccit\u00e0 grave<\/strong>, oltre a numerosi <strong>cicloni e tempeste<\/strong>.<\/li><\/ul><p>Ci\u00f2 ha aggravato la desertificazione di diverse regioni e l'insicurezza alimentare di gran parte della popolazione, soprattutto quella che vive nelle <strong>aree rurali, dove i prezzi delle derrate alimentari sono molto alti e<\/strong> <strong>il 76% dei bambini vive in condizione di povert\u00e0<\/strong>.<\/p>[caption id=\"attachment_6511\" align=\"alignnone\" width=\"1024\"]<img class=\"size-large wp-image-6511\" src=\"https:\/\/terredeshommes.it\/eng\/wp-content\/uploads\/Drought-in-the-rain-season-A-Climate-change-issue-Stefano-Stranges-54-Medium-1024x683.jpg\" alt=\"(c)Stefano Stranges\" width=\"1024\" height=\"683\" \/> (c)Stefano Stranges[\/caption]<p>Nella provincia di Masvingo, <strong>la comunit\u00e0 di Mubagwashe deve affrontare da molto tempo i problemi idrici causati dalla desertificazione<\/strong>, soprattutto per l'agricoltura e l\u2019allevamento del bestiame.<\/p><ul><li>I pi\u00f9 vicini abbeveratoi si sono ormai prosciugati <strong>costringendo gli abitanti del villaggio a camminare per pi\u00f9 di 7 km<\/strong> fino al punto d'acqua pi\u00f9 vicino per il loro bestiame.<\/li><li>Questa situazione fa s\u00ec che <strong>alcune famiglie non siano nemmeno in grado di avere piccoli orti<\/strong>\u00a0per il consumo familiare a causa della scarsit\u00e0 d'acqua.<\/li><li>I ragazzi e <strong>le ragazze della comunit\u00e0 non hanno pi\u00f9 tempo per lo studio<\/strong>, le attivit\u00e0 sociali o semplicemente per riposare, dato che devono percorrere lunghe distanze a piedi per portare l'acqua a casa<\/li><li>Tutta <strong>la comunit\u00e0 \u00e8 pi\u00f9 esposta alle<\/strong> <strong>malattie causate dalla scarsit\u00e0 di acqua sicura e igiene personale<\/strong> (colera, dissenteria, dermatosi, ecc.) e alla denutrizione.<\/li><\/ul><p>In passato <strong>la comunit\u00e0 aveva cercato di trovare il modo per mitigare alcune di queste sfide, ma senza molto successo, a causa delle sue limitate conoscenze tecniche e risorse finanziarie<\/strong>. Nella zona si trovano ormai molte cisterne e pozzi fatiscenti e abbandonati e il terreno \u00e8 degradato dalla desertificazione.<\/p><p>Tuttavia, con l'arrivo del progetto <strong>Seeds for the future - <em>Sustainable Agriculture for the Resilience of Rural Communities<\/em><\/strong> (SEFF) i problemi di scarsit\u00e0 d'acqua a Mubagawshe potranno essere mitigati grazie ad alcuni interventi, come la <strong>costruzione di piccole dighe di sbarramento<\/strong> di alcuni corsi d\u2019acqua a regime torrentizio e l\u2019impianto di <strong>sistemi avanzati d\u2019irrigazione<\/strong> per le colture che permettono di non sprecare l\u2019acqua.<\/p><p><img class=\"alignnone size-large wp-image-6512\" src=\"https:\/\/terredeshommes.it\/eng\/wp-content\/uploads\/Weir-Dam-Picture-2-1024x768.jpg\" alt=\"\" width=\"1024\" height=\"768\" \/><\/p><p>Con il progetto SEFF Terre des Hommes Italia ha lavorato a stretto contatto con il governo dello Zimbabwe e la comunit\u00e0 di Mubagawshe. <strong>La costruzione della diga di sbarramento \u00e8 nella fase finale<\/strong> di scavo del nucleo, grazie alla collaborazione dei membri della comunit\u00e0 che forniscono la manodopera. Per <strong>Pearson Chinuwe<\/strong>, la diga li aiuter\u00e0 anche a migliorare la loro qualit\u00e0 di vita potendo intraprendere alcune attivit\u00e0 generatrici di reddito.<\/p>[caption id=\"attachment_6513\" align=\"alignnone\" width=\"1024\"]<img class=\"wp-image-6513 size-large\" src=\"https:\/\/terredeshommes.it\/eng\/wp-content\/uploads\/Pearson-Chinuwe-1024x768.jpg\" alt=\"\" width=\"1024\" height=\"768\" \/> Pearson Chinuwe[\/caption]<p>\"<em><strong>La diga ci aiuter\u00e0 a trasformare la nostra vita<\/strong>, perch\u00e9 in passato abbiamo davvero faticato a procurarci l'acqua. Quando la diga sar\u00e0 completata potremo anche avventurarci nell'allevamento del pesce e sostenere le nostre famiglie. <strong>Il nostro bestiame potr\u00e0 abbeverarsi pi\u00f9 facilmente e l'acqua sar\u00e0 pi\u00f9 vicina alle nostre case<\/strong><\/em>\".<\/p><p>Come strategia per far fronte agli shock climatici e migliorare i mezzi di sostentamento della comunit\u00e0, <strong>Terre des Hommes Italia<\/strong> nell\u2019ambito del progetto SEFF <strong>ha anche realizzato un orto comunitario a 100 metri dalla diga<\/strong>.<\/p><p>\"<i>Grazie a questo orto speriamo di essere in grado di <\/i><i>guadagnare<\/i><i> denaro per il mantenimento delle nostre famiglie. <strong>Saremo in grado di pagare le tasse scolastiche per i nostri figli<\/strong>. In futuro <strong>vorremmo piantare pomodori, ortaggi, patate dolci e patate<\/strong> per poter rifornire i grandi mercati di Harare<\/i>\", dice Patrick Chimasha, un altro membro della comunit\u00e0 di Mubagwashe.<\/p>[caption id=\"attachment_6517\" align=\"alignnone\" width=\"1024\"]<img class=\"size-large wp-image-6517\" src=\"https:\/\/terredeshommes.it\/eng\/wp-content\/uploads\/Patrick-Chimasha-1024x768.jpg\" alt=\"\" width=\"1024\" height=\"768\" \/> Patrick Chimasha[\/caption]<p>Il progetto SEFF, di durata triennale, \u00e8 ora al suo secondo anno e viene attuato in circoscrizioni selezionate dei distretti di Chiredzi, Masvingo Rural e Mwenezi, con un <strong>obiettivo di beneficiare direttamente 5.920 persone<\/strong> con:<\/p><p>- iniziative di <strong>agroecologia comunitaria per la selezione di sementi tradizionali<\/strong> della comunit\u00e0, la loro conservazione, moltiplicazione e uso<\/p><p>- costruzione di <strong>sbarramenti di corsi d\u2019acqua e di pozzi ad energia solare<\/strong><\/p><p>- creazione di <strong>sistemi di microirrigazione<\/strong> per l'alimentazione e la generazione di reddito per le famiglie e le scuole<\/p><p>- realizzazione di <strong>3 orti comunitari e 6 orti nutrizionali<\/strong> a Chiredzi, Mwenezi e Masvingo Rural <strong>per diversificare la dieta e combattere la malnutrizione<\/strong><\/p><p>- incremento della <strong>produzione di colture di alto valore<\/strong> come quella della paprika, che viene anche seccata e imballata per poter essere venduta nelle citt\u00e0 e relativa formazione degli agricoltori.<\/p><p><img class=\"alignnone size-full wp-image-6514\" src=\"https:\/\/terredeshommes.it\/eng\/wp-content\/uploads\/paprika.jpeg\" alt=\"\" width=\"1000\" height=\"750\" \/><\/p><p>Il progetto SEEF contro la desertificazione \u00e8 finanziato con 3,7 milioni di euro dall'<a href=\"https:\/\/www.aics.gov.it\/\" target=\"_blank\" rel=\"noopener\">Agenzia Italiana per la Cooperazione allo Sviluppo<\/a> e attuato da <a href=\"https:\/\/terredeshommes.it\/eng\/progetti\/zimbabwe\/\" target=\"_blank\" rel=\"noopener\">Terre des Hommes Italia<\/a> insieme a <a href=\"https:\/\/www.cospe.org\/\" target=\"_blank\" rel=\"noopener\">COSPE<\/a>, Sustainable Agriculture Technology Zimbabwe, CTDO e Women & Land in Zimbabwe, <a href=\"https:\/\/rsr.bio\/\" target=\"_blank\" rel=\"noopener\">Rete Semi Rurali<\/a> e l\u2019Ambasciata d'Italia ad Harare.<\/p>","_et_gb_content_width":"","footnotes":""},"categories":[16],"tags":[],"class_list":["post-6579","post","type-post","status-publish","format-standard","has-post-thumbnail","hentry","category-comunicati"],"yoast_head":"<!-- This site is optimized with the Yoast SEO plugin v21.1 - https:\/\/yoast.com\/wordpress\/plugins\/seo\/ -->\n<title>Benessere e salute mentale per i giovani migranti<\/title>\n<meta name=\"description\" content=\"Terre des Hommes e UNICEF insieme per garantire benessere e salute mentale ai giovani migranti e rifugiati\" \/>\n<meta name=\"robots\" content=\"index, follow, max-snippet:-1, max-image-preview:large, max-video-preview:-1\" \/>\n<link rel=\"canonical\" href=\"https:\/\/terredeshommes.it\/eng\/comunicati\/benessere-e-salute-mentale-per-i-giovani-migranti\/\" \/>\n<meta property=\"og:locale\" content=\"en_US\" \/>\n<meta property=\"og:type\" content=\"article\" \/>\n<meta property=\"og:title\" content=\"Benessere e salute mentale per i giovani migranti\" \/>\n<meta property=\"og:description\" content=\"Terre des Hommes e UNICEF insieme per garantire benessere e salute mentale ai giovani migranti e rifugiati\" \/>\n<meta property=\"og:url\" content=\"https:\/\/terredeshommes.it\/eng\/comunicati\/benessere-e-salute-mentale-per-i-giovani-migranti\/\" \/>\n<meta property=\"og:site_name\" content=\"Terre des Hommes Italia\" \/>\n<meta property=\"article:published_time\" content=\"2023-06-20T11:04:32+00:00\" \/>\n<meta property=\"article:modified_time\" content=\"2023-06-20T11:04:43+00:00\" \/>\n<meta property=\"og:image\" content=\"https:\/\/terredeshommes.it\/eng\/wp-content\/uploads\/TERRE-DES-HOMMES-4637-1024x683.jpg\" \/>\n\t<meta property=\"og:image:width\" content=\"1024\" \/>\n\t<meta property=\"og:image:height\" content=\"683\" \/>\n\t<meta property=\"og:image:type\" content=\"image\/jpeg\" \/>\n<meta name=\"author\" content=\"Anna Bianchi\" \/>\n<meta name=\"twitter:card\" content=\"summary_large_image\" \/>\n<meta name=\"twitter:label1\" content=\"Written by\" \/>\n\t<meta name=\"twitter:data1\" content=\"Anna Bianchi\" \/>\n\t<meta name=\"twitter:label2\" content=\"Est. reading time\" \/>\n\t<meta name=\"twitter:data2\" content=\"4 minutes\" \/>\n<script type=\"application\/ld+json\" class=\"yoast-schema-graph\">{\"@context\":\"https:\/\/schema.org\",\"@graph\":[{\"@type\":\"WebPage\",\"@id\":\"https:\/\/terredeshommes.it\/eng\/comunicati\/benessere-e-salute-mentale-per-i-giovani-migranti\/\",\"url\":\"https:\/\/terredeshommes.it\/eng\/comunicati\/benessere-e-salute-mentale-per-i-giovani-migranti\/\",\"name\":\"Benessere e salute mentale per i giovani migranti\",\"isPartOf\":{\"@id\":\"https:\/\/terredeshommes.it\/eng\/#website\"},\"datePublished\":\"2023-06-20T11:04:32+00:00\",\"dateModified\":\"2023-06-20T11:04:43+00:00\",\"author\":{\"@id\":\"https:\/\/terredeshommes.it\/eng\/#\/schema\/person\/dbba823406adc60a974a3434150e38d5\"},\"description\":\"Terre des Hommes e UNICEF insieme per garantire benessere e salute mentale ai giovani migranti e rifugiati\",\"breadcrumb\":{\"@id\":\"https:\/\/terredeshommes.it\/eng\/comunicati\/benessere-e-salute-mentale-per-i-giovani-migranti\/#breadcrumb\"},\"inLanguage\":\"en-US\",\"potentialAction\":[{\"@type\":\"ReadAction\",\"target\":[\"https:\/\/terredeshommes.it\/eng\/comunicati\/benessere-e-salute-mentale-per-i-giovani-migranti\/\"]}]},{\"@type\":\"BreadcrumbList\",\"@id\":\"https:\/\/terredeshommes.it\/eng\/comunicati\/benessere-e-salute-mentale-per-i-giovani-migranti\/#breadcrumb\",\"itemListElement\":[{\"@type\":\"ListItem\",\"position\":1,\"name\":\"Home\",\"item\":\"https:\/\/terredeshommes.it\/eng\/\"},{\"@type\":\"ListItem\",\"position\":2,\"name\":\"Benessere e salute mentale per i giovani migranti\"}]},{\"@type\":\"WebSite\",\"@id\":\"https:\/\/terredeshommes.it\/eng\/#website\",\"url\":\"https:\/\/terredeshommes.it\/eng\/\",\"name\":\"Terre des Hommes Italia\",\"description\":\"Proteggiamo i bambini insieme\",\"potentialAction\":[{\"@type\":\"SearchAction\",\"target\":{\"@type\":\"EntryPoint\",\"urlTemplate\":\"https:\/\/terredeshommes.it\/eng\/?s={search_term_string}\"},\"query-input\":\"required name=search_term_string\"}],\"inLanguage\":\"en-US\"},{\"@type\":\"Person\",\"@id\":\"https:\/\/terredeshommes.it\/eng\/#\/schema\/person\/dbba823406adc60a974a3434150e38d5\",\"name\":\"Anna Bianchi\",\"url\":\"https:\/\/terredeshommes.it\/eng\/author\/a-bianchitdhitaly-org\/\"}]}<\/script>\n<!-- \/ Yoast SEO plugin. -->","yoast_head_json":{"title":"Benessere e salute mentale per i giovani migranti","description":"Terre des Hommes e UNICEF insieme per garantire benessere e salute mentale ai giovani migranti e rifugiati","robots":{"index":"index","follow":"follow","max-snippet":"max-snippet:-1","max-image-preview":"max-image-preview:large","max-video-preview":"max-video-preview:-1"},"canonical":"https:\/\/terredeshommes.it\/eng\/comunicati\/benessere-e-salute-mentale-per-i-giovani-migranti\/","og_locale":"en_US","og_type":"article","og_title":"Benessere e salute mentale per i giovani migranti","og_description":"Terre des Hommes e UNICEF insieme per garantire benessere e salute mentale ai giovani migranti e rifugiati","og_url":"https:\/\/terredeshommes.it\/eng\/comunicati\/benessere-e-salute-mentale-per-i-giovani-migranti\/","og_site_name":"Terre des Hommes Italia","article_published_time":"2023-06-20T11:04:32+00:00","article_modified_time":"2023-06-20T11:04:43+00:00","og_image":[{"width":1024,"height":683,"url":"https:\/\/terredeshommes.it\/eng\/wp-content\/uploads\/TERRE-DES-HOMMES-4637-1024x683.jpg","type":"image\/jpeg"}],"author":"Anna Bianchi","twitter_card":"summary_large_image","twitter_misc":{"Written by":"Anna Bianchi","Est. reading time":"4 minutes"},"schema":{"@context":"https:\/\/schema.org","@graph":[{"@type":"WebPage","@id":"https:\/\/terredeshommes.it\/eng\/comunicati\/benessere-e-salute-mentale-per-i-giovani-migranti\/","url":"https:\/\/terredeshommes.it\/eng\/comunicati\/benessere-e-salute-mentale-per-i-giovani-migranti\/","name":"Benessere e salute mentale per i giovani migranti","isPartOf":{"@id":"https:\/\/terredeshommes.it\/eng\/#website"},"datePublished":"2023-06-20T11:04:32+00:00","dateModified":"2023-06-20T11:04:43+00:00","author":{"@id":"https:\/\/terredeshommes.it\/eng\/#\/schema\/person\/dbba823406adc60a974a3434150e38d5"},"description":"Terre des Hommes e UNICEF insieme per garantire benessere e salute mentale ai giovani migranti e rifugiati","breadcrumb":{"@id":"https:\/\/terredeshommes.it\/eng\/comunicati\/benessere-e-salute-mentale-per-i-giovani-migranti\/#breadcrumb"},"inLanguage":"en-US","potentialAction":[{"@type":"ReadAction","target":["https:\/\/terredeshommes.it\/eng\/comunicati\/benessere-e-salute-mentale-per-i-giovani-migranti\/"]}]},{"@type":"BreadcrumbList","@id":"https:\/\/terredeshommes.it\/eng\/comunicati\/benessere-e-salute-mentale-per-i-giovani-migranti\/#breadcrumb","itemListElement":[{"@type":"ListItem","position":1,"name":"Home","item":"https:\/\/terredeshommes.it\/eng\/"},{"@type":"ListItem","position":2,"name":"Benessere e salute mentale per i giovani migranti"}]},{"@type":"WebSite","@id":"https:\/\/terredeshommes.it\/eng\/#website","url":"https:\/\/terredeshommes.it\/eng\/","name":"Terre des Hommes Italia","description":"Proteggiamo i bambini insieme","potentialAction":[{"@type":"SearchAction","target":{"@type":"EntryPoint","urlTemplate":"https:\/\/terredeshommes.it\/eng\/?s={search_term_string}"},"query-input":"required name=search_term_string"}],"inLanguage":"en-US"},{"@type":"Person","@id":"https:\/\/terredeshommes.it\/eng\/#\/schema\/person\/dbba823406adc60a974a3434150e38d5","name":"Anna Bianchi","url":"https:\/\/terredeshommes.it\/eng\/author\/a-bianchitdhitaly-org\/"}]}},"_links":{"self":[{"href":"https:\/\/terredeshommes.it\/eng\/wp-json\/wp\/v2\/posts\/6579","targetHints":{"allow":["GET"]}}],"collection":[{"href":"https:\/\/terredeshommes.it\/eng\/wp-json\/wp\/v2\/posts"}],"about":[{"href":"https:\/\/terredeshommes.it\/eng\/wp-json\/wp\/v2\/types\/post"}],"author":[{"embeddable":true,"href":"https:\/\/terredeshommes.it\/eng\/wp-json\/wp\/v2\/users\/6"}],"replies":[{"embeddable":true,"href":"https:\/\/terredeshommes.it\/eng\/wp-json\/wp\/v2\/comments?post=6579"}],"version-history":[{"count":5,"href":"https:\/\/terredeshommes.it\/eng\/wp-json\/wp\/v2\/posts\/6579\/revisions"}],"predecessor-version":[{"id":6585,"href":"https:\/\/terredeshommes.it\/eng\/wp-json\/wp\/v2\/posts\/6579\/revisions\/6585"}],"wp:featuredmedia":[{"embeddable":true,"href":"https:\/\/terredeshommes.it\/eng\/wp-json\/wp\/v2\/media\/6584"}],"wp:attachment":[{"href":"https:\/\/terredeshommes.it\/eng\/wp-json\/wp\/v2\/media?parent=6579"}],"wp:term":[{"taxonomy":"category","embeddable":true,"href":"https:\/\/terredeshommes.it\/eng\/wp-json\/wp\/v2\/categories?post=6579"},{"taxonomy":"post_tag","embeddable":true,"href":"https:\/\/terredeshommes.it\/eng\/wp-json\/wp\/v2\/tags?post=6579"}],"curies":[{"name":"wp","href":"https:\/\/api.w.org\/{rel}","templated":true}]}}