{"id":658,"date":"2020-03-30T12:46:19","date_gmt":"2020-03-30T10:46:19","guid":{"rendered":"https:\/\/terredeshommes.it\/?p=658"},"modified":"2020-08-19T12:48:54","modified_gmt":"2020-08-19T10:48:54","slug":"due-progetti-per-non-dimenticare-i-bambini","status":"publish","type":"post","link":"https:\/\/terredeshommes.it\/eng\/comunicati\/due-progetti-per-non-dimenticare-i-bambini\/","title":{"rendered":"Due progetti per non dimenticare i bambini"},"content":{"rendered":"<p>[et_pb_section fb_built=&#8221;1&#8243; _builder_version=&#8221;3.22&#8243;][et_pb_row column_structure=&#8221;1_5,3_5,1_5&#8243; _builder_version=&#8221;3.25&#8243; background_size=&#8221;initial&#8221; background_position=&#8221;top_left&#8221; background_repeat=&#8221;repeat&#8221;][et_pb_column type=&#8221;1_5&#8243; _builder_version=&#8221;3.25&#8243; custom_padding=&#8221;|||&#8221; custom_padding__hover=&#8221;|||&#8221;][\/et_pb_column][et_pb_column type=&#8221;3_5&#8243; _builder_version=&#8221;3.25&#8243; custom_padding=&#8221;|||&#8221; custom_padding__hover=&#8221;|||&#8221;][et_pb_text admin_label=&#8221;Testo&#8221; _builder_version=&#8221;4.5.6&#8243; background_size=&#8221;initial&#8221; background_position=&#8221;top_left&#8221; background_repeat=&#8221;repeat&#8221;]<\/p>\n<p>Con l\u2019aumento dei ricoverati per COVID-19 si affaccia una nuova emergenza: quella dei bambini.\u00a0<strong>Bambini rimasti senza un adulto di riferimento<\/strong>\u00a0perch\u00e9 i genitori sono stati ricoverati. Ma anche\u00a0<strong>bambini in ospedale a causa della malattia<\/strong>.<\/p>\n<p>Terre des Hommes, insieme alla\u00a0<strong>Fondazione Geronimo Stilton<\/strong>, dopo aver collaborato per sostenere la\u00a0<strong>Fondazione per l\u2019Ospedale dei bambini Buzzi<\/strong>\u00a0nella donazione di un primo ventilatore polmonare all\u2019Ospedale dei Bambini Vittore Buzzi di Milano, hanno deciso di avviare una raccolta fondi per sostenere due progetti prioritari.<\/p>\n<p>Il primo, il progetto\u00a0<strong>Zumbimbi<\/strong>, \u00e8 una struttura d\u2019accoglienza per bambini dai 6 ai 14 anni lontani dai genitori e che devono trascorrere la quarantena in isolamento. Zumbimbi \u00e8 un progetto de\u00a0<strong>La Cordata<\/strong>\u00a0e\u00a0<strong>COMIN<\/strong>, realizzato in collaborazione con\u00a0<strong>Terre des Hommes Diaconia Valdese, Emergency, Comune di Milano e Fondazione Cariplo<\/strong>.<\/p>\n<p>I fondi raccolti da Terre des Hommes e Fondazione Geronimo Stilton serviranno anche all\u2019acquisto di\u00a0<strong>attrezzature mediche indispensabili per l\u2019Ospedale Buzzi<\/strong>\u00a0che in queste tragiche ore deve far fronte non solo alle esigenze dei bambini ricoverati, ma anche di un crescente numero di adulti ricoverati nelle nuove sale di terapia intensiva.<\/p>\n<p>\u201c<em>Nei primi giorni di questa emergenza ci siamo spesso dimenticati dei bambini. Ma anche loro sono in una situazione estremamente difficile e dolorosa.\u00a0<strong>Vivono un isolamento irreale dal contesto esterno<\/strong>, fanno fatica a decifrare i segni di quello che sta accadendo attorno a loro, sospesi in un limbo e in alcuni casi si ritrovano loro stessi vittima di un nemico invisibile, un virus di cui anche noi adulti sappiamo poco. Ma la situazione dei bambini privati dell\u2019affetto dei loro genitori, costretti a vivere con la paura di perderli a causa della malattia, \u00e8 terrificante<\/em>,\u201d dichiara\u00a0<strong>Paolo Ferrara<\/strong>, Direttore Generale di Terre des Hommes. \u201c<em>Con la creazione di questo fondo\u00a0<strong>vogliamo garantire cure immediate, ma anche la risposta a quei bisogni di accoglienza, ascolto e protezione dei bambini che nei primi giorni di questa emergenza nessuno aveva considerato<\/strong>. Lo faremo con partner d\u2019eccezione, sicuri di poter offrire i pi\u00f9 alti standard di assistenza, sicurezza e protezione dell\u2019infanzia. Ma dobbiamo fare in fretta.<\/em>\u201d<\/p>\n<p><strong>Zumbimbi<\/strong>\u00a0\u00e8 una struttura residenziale riconvertita in luogo di accoglienza che\u00a0<strong>ospiter\u00e0 una decina di bambini tra i 6 e i 14 anni<\/strong>, i cui genitori sono in ospedale perch\u00e9 positivi al Coronavirus e che non hanno altri adulti di riferimento che possano prendersi cura di loro. In ottemperanza al protocollo sanitario, sar\u00e0 un posto sicuro dove verr\u00e0 garantita la quarantena in isolamento. Questo con l<strong>\u2019obiettivo di assicurare a tutti loro una permanenza il pi\u00f9 possibile serena nonostante la delicatezza di questa fase della loro vita<\/strong>\u00a0e le ulteriori difficolt\u00e0 imposte dalle regole dell\u2019isolamento che prevedono che i bambini alloggino in camere singole e mantengano le distanze di sicurezza tra i loro e con l\u2019equipe che si occuper\u00e0 di loro, composta da operatori, educatori e psicologi.<\/p>\n<p><strong>Fondazione Geronimo Stilton e Terre des Hommes si sono attivati per attrezzare al pi\u00f9 presto la struttura e reperire donazioni<\/strong>\u00a0che permettano di comprare tutto il necessario (a cominciare da tablet, lenzuola, salviette, camici, mascherine, guanti\u2026) nonch\u00e9 per pagare il personale altamente qualificato che assister\u00e0 i bambini sia dal punto di vista psicologico che educativo.<\/p>\n<p>A sostegno della campagna di Emergenza COVID-19 di Fondazione per l\u2019Ospedale dei bambini Buzzi verranno invece acquistate\u00a0<strong>attrezzature per il controllo delle vie aeree difficili<\/strong>\u00a0che i medici dell\u2019Ospedale Buzzi hanno indicato come urgenze primarie, in primo luogo\u00a0<strong>broncoscopi, laringoscopi e fibroscopi<\/strong>.<\/p>\n<p>\u201c<em>Sono la mamma di Geronimo Stilton, da sempre mi occupo dei ragazzi, della loro salute e della loro cultura<\/em>\u201d, dichiara\u00a0<strong>Elisabetta Dami<\/strong>, \u201c<em>Come Presidente della Geronimo Stilton Fondazione, in questo periodo di emergenza siamo particolarmente vicini a tutte le iniziative solidali per supportare il bene dei ragazzi e delle loro famiglie. Il nostro obiettivo \u00e8 tornare alla normalit\u00e0 nella vita quotidiana e alla felicit\u00e0\u2026 cui tutti i ragazzi del mondo hanno diritto<\/em>.\u201d Elisabetta Dami \u00e8 anche membro del Comitato Permanente della Fondazione Terre des Hommes Italia.<\/p>\n<p>Alla gara di generosit\u00e0 in queste ore si sono gi\u00e0 unite aziende come\u00a0<strong>BLS Group<\/strong>\u00a0e\u00a0<strong>Mediaworld\u00a0<\/strong>e diversi testimonial.<\/p>\n<p>Per contribuire con donazioni online \u00e8 stato aperto il sito\u00a0<a href=\"http:\/\/emergenzabambini.terredeshommes.it\/\" target=\"_blank\" rel=\"noopener noreferrer\">Emergenzabambini.it<\/a><\/p>\n<p>Una raccolta di crowdfunding \u00e8 stata attivata sul portale\u00a0<a href=\"https:\/\/www.retedeldono.it\/it\/progetti\/terre-des-hommes\/non-dimentichiamo-i-bambini\" target=\"_blank\" rel=\"noopener noreferrer\">Rete del Dono<\/a>.<\/p>\n<p>Le donazioni si potranno anche effettuare anche tramite:<br \/>\u2013 Circuito bancario: Monte dei Paschi di Siena Ag.34 Milano, c\/c intestato a Terre des Hommes \u2013 IBAN: IT37E0103001633000063232384<br \/>\u2013 Circuito postale, sul c\/c intestato a Terre des Hommes Italia n. 321208<\/p>\n<p>[\/et_pb_text][\/et_pb_column][et_pb_column type=&#8221;1_5&#8243; _builder_version=&#8221;3.25&#8243; custom_padding=&#8221;|||&#8221; custom_padding__hover=&#8221;|||&#8221;][\/et_pb_column][\/et_pb_row][\/et_pb_section]<\/p>\n","protected":false},"excerpt":{"rendered":"<p>Con l\u2019aumento dei ricoverati per COVID-19 si affaccia una nuova emergenza: quella dei bambini.\u00a0Bambini rimasti senza un adulto di riferimento\u00a0perch\u00e9 i genitori sono stati ricoverati. Ma anche\u00a0bambini in ospedale a causa della malattia. Terre des Hommes, insieme alla\u00a0Fondazione Geronimo Stilton, dopo aver collaborato per sostenere la\u00a0Fondazione per l\u2019Ospedale dei bambini Buzzi\u00a0nella donazione di un primo [&hellip;]<\/p>\n","protected":false},"author":2,"featured_media":659,"comment_status":"open","ping_status":"open","sticky":false,"template":"","format":"standard","meta":{"_et_pb_use_builder":"on","_et_pb_old_content":"Cras mattis consectetur purus sit amet fermentum. Aenean lacinia bibendum nulla sed consectetur. Donec ullamcorper nulla non metus auctor fringilla. Donec ullamcorper nulla non metus auctor fringilla.","_et_gb_content_width":"","footnotes":""},"categories":[16],"tags":[],"class_list":["post-658","post","type-post","status-publish","format-standard","has-post-thumbnail","hentry","category-comunicati"],"yoast_head":"<!-- This site is optimized with the Yoast SEO plugin v21.1 - https:\/\/yoast.com\/wordpress\/plugins\/seo\/ -->\n<title>Due progetti per non dimenticare i bambini - Terre des Hommes Italia<\/title>\n<meta name=\"robots\" content=\"index, follow, max-snippet:-1, max-image-preview:large, max-video-preview:-1\" \/>\n<link rel=\"canonical\" href=\"https:\/\/terredeshommes.it\/eng\/comunicati\/due-progetti-per-non-dimenticare-i-bambini\/\" \/>\n<meta property=\"og:locale\" content=\"en_US\" \/>\n<meta property=\"og:type\" content=\"article\" \/>\n<meta property=\"og:title\" content=\"Due progetti per non dimenticare i bambini - Terre des Hommes Italia\" \/>\n<meta property=\"og:description\" content=\"Con l\u2019aumento dei ricoverati per COVID-19 si affaccia una nuova emergenza: quella dei bambini.\u00a0Bambini rimasti senza un adulto di riferimento\u00a0perch\u00e9 i genitori sono stati ricoverati. Ma anche\u00a0bambini in ospedale a causa della malattia. Terre des Hommes, insieme alla\u00a0Fondazione Geronimo Stilton, dopo aver collaborato per sostenere la\u00a0Fondazione per l\u2019Ospedale dei bambini Buzzi\u00a0nella donazione di un primo [&hellip;]\" \/>\n<meta property=\"og:url\" content=\"https:\/\/terredeshommes.it\/eng\/comunicati\/due-progetti-per-non-dimenticare-i-bambini\/\" \/>\n<meta property=\"og:site_name\" content=\"Terre des Hommes Italia\" \/>\n<meta property=\"article:published_time\" content=\"2020-03-30T10:46:19+00:00\" \/>\n<meta property=\"article:modified_time\" content=\"2020-08-19T10:48:54+00:00\" \/>\n<meta property=\"og:image\" content=\"https:\/\/terredeshommes.it\/eng\/wp-content\/uploads\/emergenza-bambini-reteHOMEslider.jpg\" \/>\n\t<meta property=\"og:image:width\" content=\"940\" \/>\n\t<meta property=\"og:image:height\" content=\"450\" \/>\n\t<meta property=\"og:image:type\" content=\"image\/jpeg\" \/>\n<meta name=\"author\" content=\"Kudu\" \/>\n<meta name=\"twitter:card\" content=\"summary_large_image\" \/>\n<meta name=\"twitter:label1\" content=\"Written by\" \/>\n\t<meta name=\"twitter:data1\" content=\"Kudu\" \/>\n\t<meta name=\"twitter:label2\" content=\"Est. reading time\" \/>\n\t<meta name=\"twitter:data2\" content=\"4 minutes\" \/>\n<script type=\"application\/ld+json\" class=\"yoast-schema-graph\">{\"@context\":\"https:\/\/schema.org\",\"@graph\":[{\"@type\":\"WebPage\",\"@id\":\"https:\/\/terredeshommes.it\/eng\/comunicati\/due-progetti-per-non-dimenticare-i-bambini\/\",\"url\":\"https:\/\/terredeshommes.it\/eng\/comunicati\/due-progetti-per-non-dimenticare-i-bambini\/\",\"name\":\"Due progetti per non dimenticare i bambini - Terre des Hommes Italia\",\"isPartOf\":{\"@id\":\"https:\/\/terredeshommes.it\/eng\/#website\"},\"datePublished\":\"2020-03-30T10:46:19+00:00\",\"dateModified\":\"2020-08-19T10:48:54+00:00\",\"author\":{\"@id\":\"https:\/\/terredeshommes.it\/eng\/#\/schema\/person\/13d0b12f506640308153ca01a803730f\"},\"breadcrumb\":{\"@id\":\"https:\/\/terredeshommes.it\/eng\/comunicati\/due-progetti-per-non-dimenticare-i-bambini\/#breadcrumb\"},\"inLanguage\":\"en-US\",\"potentialAction\":[{\"@type\":\"ReadAction\",\"target\":[\"https:\/\/terredeshommes.it\/eng\/comunicati\/due-progetti-per-non-dimenticare-i-bambini\/\"]}]},{\"@type\":\"BreadcrumbList\",\"@id\":\"https:\/\/terredeshommes.it\/eng\/comunicati\/due-progetti-per-non-dimenticare-i-bambini\/#breadcrumb\",\"itemListElement\":[{\"@type\":\"ListItem\",\"position\":1,\"name\":\"Home\",\"item\":\"https:\/\/terredeshommes.it\/eng\/\"},{\"@type\":\"ListItem\",\"position\":2,\"name\":\"Due progetti per non dimenticare i bambini\"}]},{\"@type\":\"WebSite\",\"@id\":\"https:\/\/terredeshommes.it\/eng\/#website\",\"url\":\"https:\/\/terredeshommes.it\/eng\/\",\"name\":\"Terre des Hommes Italia\",\"description\":\"Proteggiamo i bambini insieme\",\"potentialAction\":[{\"@type\":\"SearchAction\",\"target\":{\"@type\":\"EntryPoint\",\"urlTemplate\":\"https:\/\/terredeshommes.it\/eng\/?s={search_term_string}\"},\"query-input\":\"required name=search_term_string\"}],\"inLanguage\":\"en-US\"},{\"@type\":\"Person\",\"@id\":\"https:\/\/terredeshommes.it\/eng\/#\/schema\/person\/13d0b12f506640308153ca01a803730f\",\"name\":\"Kudu\",\"url\":\"https:\/\/terredeshommes.it\/eng\/author\/altea\/\"}]}<\/script>\n<!-- \/ Yoast SEO plugin. -->","yoast_head_json":{"title":"Due progetti per non dimenticare i bambini - Terre des Hommes Italia","robots":{"index":"index","follow":"follow","max-snippet":"max-snippet:-1","max-image-preview":"max-image-preview:large","max-video-preview":"max-video-preview:-1"},"canonical":"https:\/\/terredeshommes.it\/eng\/comunicati\/due-progetti-per-non-dimenticare-i-bambini\/","og_locale":"en_US","og_type":"article","og_title":"Due progetti per non dimenticare i bambini - Terre des Hommes Italia","og_description":"Con l\u2019aumento dei ricoverati per COVID-19 si affaccia una nuova emergenza: quella dei bambini.\u00a0Bambini rimasti senza un adulto di riferimento\u00a0perch\u00e9 i genitori sono stati ricoverati. Ma anche\u00a0bambini in ospedale a causa della malattia. Terre des Hommes, insieme alla\u00a0Fondazione Geronimo Stilton, dopo aver collaborato per sostenere la\u00a0Fondazione per l\u2019Ospedale dei bambini Buzzi\u00a0nella donazione di un primo [&hellip;]","og_url":"https:\/\/terredeshommes.it\/eng\/comunicati\/due-progetti-per-non-dimenticare-i-bambini\/","og_site_name":"Terre des Hommes Italia","article_published_time":"2020-03-30T10:46:19+00:00","article_modified_time":"2020-08-19T10:48:54+00:00","og_image":[{"width":940,"height":450,"url":"https:\/\/terredeshommes.it\/eng\/wp-content\/uploads\/emergenza-bambini-reteHOMEslider.jpg","type":"image\/jpeg"}],"author":"Kudu","twitter_card":"summary_large_image","twitter_misc":{"Written by":"Kudu","Est. reading time":"4 minutes"},"schema":{"@context":"https:\/\/schema.org","@graph":[{"@type":"WebPage","@id":"https:\/\/terredeshommes.it\/eng\/comunicati\/due-progetti-per-non-dimenticare-i-bambini\/","url":"https:\/\/terredeshommes.it\/eng\/comunicati\/due-progetti-per-non-dimenticare-i-bambini\/","name":"Due progetti per non dimenticare i bambini - Terre des Hommes Italia","isPartOf":{"@id":"https:\/\/terredeshommes.it\/eng\/#website"},"datePublished":"2020-03-30T10:46:19+00:00","dateModified":"2020-08-19T10:48:54+00:00","author":{"@id":"https:\/\/terredeshommes.it\/eng\/#\/schema\/person\/13d0b12f506640308153ca01a803730f"},"breadcrumb":{"@id":"https:\/\/terredeshommes.it\/eng\/comunicati\/due-progetti-per-non-dimenticare-i-bambini\/#breadcrumb"},"inLanguage":"en-US","potentialAction":[{"@type":"ReadAction","target":["https:\/\/terredeshommes.it\/eng\/comunicati\/due-progetti-per-non-dimenticare-i-bambini\/"]}]},{"@type":"BreadcrumbList","@id":"https:\/\/terredeshommes.it\/eng\/comunicati\/due-progetti-per-non-dimenticare-i-bambini\/#breadcrumb","itemListElement":[{"@type":"ListItem","position":1,"name":"Home","item":"https:\/\/terredeshommes.it\/eng\/"},{"@type":"ListItem","position":2,"name":"Due progetti per non dimenticare i bambini"}]},{"@type":"WebSite","@id":"https:\/\/terredeshommes.it\/eng\/#website","url":"https:\/\/terredeshommes.it\/eng\/","name":"Terre des Hommes Italia","description":"Proteggiamo i bambini insieme","potentialAction":[{"@type":"SearchAction","target":{"@type":"EntryPoint","urlTemplate":"https:\/\/terredeshommes.it\/eng\/?s={search_term_string}"},"query-input":"required name=search_term_string"}],"inLanguage":"en-US"},{"@type":"Person","@id":"https:\/\/terredeshommes.it\/eng\/#\/schema\/person\/13d0b12f506640308153ca01a803730f","name":"Kudu","url":"https:\/\/terredeshommes.it\/eng\/author\/altea\/"}]}},"_links":{"self":[{"href":"https:\/\/terredeshommes.it\/eng\/wp-json\/wp\/v2\/posts\/658","targetHints":{"allow":["GET"]}}],"collection":[{"href":"https:\/\/terredeshommes.it\/eng\/wp-json\/wp\/v2\/posts"}],"about":[{"href":"https:\/\/terredeshommes.it\/eng\/wp-json\/wp\/v2\/types\/post"}],"author":[{"embeddable":true,"href":"https:\/\/terredeshommes.it\/eng\/wp-json\/wp\/v2\/users\/2"}],"replies":[{"embeddable":true,"href":"https:\/\/terredeshommes.it\/eng\/wp-json\/wp\/v2\/comments?post=658"}],"version-history":[{"count":0,"href":"https:\/\/terredeshommes.it\/eng\/wp-json\/wp\/v2\/posts\/658\/revisions"}],"wp:featuredmedia":[{"embeddable":true,"href":"https:\/\/terredeshommes.it\/eng\/wp-json\/wp\/v2\/media\/659"}],"wp:attachment":[{"href":"https:\/\/terredeshommes.it\/eng\/wp-json\/wp\/v2\/media?parent=658"}],"wp:term":[{"taxonomy":"category","embeddable":true,"href":"https:\/\/terredeshommes.it\/eng\/wp-json\/wp\/v2\/categories?post=658"},{"taxonomy":"post_tag","embeddable":true,"href":"https:\/\/terredeshommes.it\/eng\/wp-json\/wp\/v2\/tags?post=658"}],"curies":[{"name":"wp","href":"https:\/\/api.w.org\/{rel}","templated":true}]}}