{"id":6587,"date":"2023-06-22T12:03:15","date_gmt":"2023-06-22T10:03:15","guid":{"rendered":"https:\/\/terredeshommes.it\/?p=6587"},"modified":"2023-06-22T12:04:41","modified_gmt":"2023-06-22T10:04:41","slug":"non-farmi-male-un-viaggio-attraverso-linfanzia-violata","status":"publish","type":"post","link":"https:\/\/terredeshommes.it\/eng\/comunicati\/non-farmi-male-un-viaggio-attraverso-linfanzia-violata\/","title":{"rendered":"Non farmi male &#8211; Viaggio attraverso l&#8217;infanzia violata"},"content":{"rendered":"<p>[et_pb_section fb_built=&#8221;1&#8243; _builder_version=&#8221;4.16&#8243; global_colors_info=&#8221;{}&#8221;][et_pb_row _builder_version=&#8221;4.16&#8243; background_size=&#8221;initial&#8221; background_position=&#8221;top_left&#8221; background_repeat=&#8221;repeat&#8221; global_colors_info=&#8221;{}&#8221;][et_pb_column type=&#8221;4_4&#8243; _builder_version=&#8221;4.16&#8243; custom_padding=&#8221;|||&#8221; global_colors_info=&#8221;{}&#8221; custom_padding__hover=&#8221;|||&#8221;][et_pb_text _builder_version=&#8221;4.18.0&#8243; background_size=&#8221;initial&#8221; background_position=&#8221;top_left&#8221; background_repeat=&#8221;repeat&#8221; hover_enabled=&#8221;0&#8243; global_colors_info=&#8221;{}&#8221; sticky_enabled=&#8221;0&#8243;]<\/p>\n<p>Non farmi male &#8211; Viaggio attraverso l&#8217;infanzia violata \u00e8 il nuovo podcast di Terre des Hommes. 6 nuovi episodi, 6 nuove voci che raccontano in prima persona storie di violenza e abuso infantile.<\/p>\n<p>Dopo il successo del podcast <a href=\"https:\/\/www.spreaker.com\/show\/respiro_1\"><strong>Respiro \u2013 Storie di orfani di femminicidio<\/strong><\/a>, Terre des Hommes pubblica oggi un nuovo podcast <strong>\u201cNon farmi Male\u201d<\/strong> per proseguire il suo impegno di informazione e sensibilizzazione per la prevenzione del maltrattamento infantile.<\/p>\n<p style=\"text-align: center;\"><a href=\"https:\/\/www.spreaker.com\/show\/non-farmi-male\" target=\"_blank\" rel=\"noopener\">Ascolta qui il trailer\u00a0<\/a><\/p>\n<p>A guidare i testimoni \u00e8, ancora una volta, <strong>Roberta Lippi<\/strong>, gi\u00e0 autrice di altri podcast di successo come <strong>Love Bombing<\/strong> e <strong>Baby Gang<\/strong>, che ha collaborato con Terre des Hommes scrivendo Respiro.<\/p>\n<p><em>&#8220;Quando si parla di maltrattamento infantile il nostro pensiero va sempre alla violenza fisica, ma sono tanti i modi in cui noi adulti possiamo impattare sulla vita dei bambini e delle bambine ed \u00e8 importante conoscerli tutti, anche quelli che vengono agiti inconsapevolmente, perch\u00e9 non ci sono scusanti o alibi che tengano quando un comportamento mette a rischio il benessere psico-fisico di un altro essere umano, figuriamoci se si tratta di un bambino. Questo podcast si pone l\u2019obiettivo di far conoscere quante pi\u00f9 realt\u00e0 possibili per porre presto attenzione e rimedio, anche nelle circostanze che vengono considerate pi\u00f9 sane e sicure&#8221;. <\/em><strong>Roberta Lippi. <\/strong><\/p>\n<h3>Non farmi male, le prime due puntate<\/h3>\n<p>Le prime due puntate saranno pubblicate <strong>gioved\u00ec 29 giugno<\/strong>\u00a0e a seguire uscir\u00e0 un nuovo episodio ogni gioved\u00ec, disponibile su <strong>speaker <\/strong>e su tutte le altre piattaforme per podcast.<\/p>\n<p><strong>Non farmi male<\/strong>, nasce con l\u2019intenzione di <strong>informare il maggior numero di persone sulle diverse forme di violenza<\/strong>, individuarle prima che sia troppo tardi.<\/p>\n<p>Infatti, nonostante i numeri parlino chiaro, sono <strong>77.493<\/strong> le vittime di maltrattamento tra i minori presi in carico dai servizi sociali nel nostro Paese<a href=\"#_ftn1\" name=\"_ftnref1\"><span>[1]<\/span><\/a> il maltrattamento infantile <strong><a href=\"https:\/\/terredeshommes.it\/eng\/comunicati\/maltrattamento-dellinfanzia-dati-della-seconda-indagine-nazionale-terre-des-hommes-cismai\/\" target=\"_blank\" rel=\"noopener\">\u00e8 ancora un fenomeno troppo nascosto<\/a>,<\/strong> poco conosciuto, che assume spesso forme subdole e invisibili lasciando per\u00f2 segni indelebili nelle vittime.<\/p>\n<p>Non farmi male racconta <strong>6 storie vere <\/strong>di infanzie che sarebbero potute andare decisamente in un altro modo e attraverso queste storie ci spiega quali sono le diverse forme di maltrattamento: la violenza assistita, la violenza fisica, quella che scientificamente viene definita patologia delle cure, cio\u00e8 incuria, discuria, o ipercura, l\u2019abuso sessuale.<\/p>\n<h3>La forza dei podcast, nuovi strumenti di comunicazione<\/h3>\n<p><em>\u201cIl contrasto e la prevenzione del maltrattamento a danno di bambini e bambine sono al centro della mission di Terre des Hommes che, da sempre, si batte per aumentare la consapevolezza e porre maggior attenzione sugli indicatori di rischio e per favorire il contrasto al fenomeno da parte delle istituzioni e della comunit\u00e0 tutta. Lo strumento dei Podcast \u00e8 diventato centrale nel nostro lavoro, direi un prezioso alleato, perch\u00e9 si sta dimostrando veicolo dalla potenza impressionante capace di amplificare ad ampio raggio i nostri messaggi\u201d <\/em>Afferma <strong>Federica Giannotta, Responsabile Progetti Italia e Advocacy di Terre des Hommes<\/strong><\/p>\n<p><em>\u201cLa violenza infantile, nonostante i numeri drammatici, difficilmente trova spazio nel discorso pubblico.\u201d<\/em> <strong>Paolo Ferrara, Direttore Generale Terre des Hommes Italia<\/strong> <em>\u201cL\u2019idea di realizzare i podcast \u00e8 nata proprio dal bisogno di trovare nuovi mezzi di comunicazione per raggiungere pi\u00f9 persone possibili, informare e sensibilizzare. Il riconoscimento ricevuto per <strong>Respiro<\/strong>, ci rende orgogliosi, ma soprattutto ci dice che siamo sulla strada giusta e con <strong>Non farmi Male<\/strong> vogliamo continuare a raccontare storie che aiutino altre persone a difendersi contro violenze e abusi.\u201d<\/em><\/p>\n<h3>Il progetto<\/h3>\n<p><strong>Non farmi male<\/strong>\u00a0\u00e8 un podcast ideato da\u00a0Terre Des Hommes. Scritto da\u00a0Roberta Lippi.<br \/>Realizzato nel quadro del progetto\u00a0<strong>Promozione Intervento Multilivello Protezione Infanzia, iniziativa a favore dei minori vittime di maltrattamento<\/strong>, promosso da Terre des Hommes in partenariato con <strong>Anpas Toscana<\/strong>, <strong>Ass. Don Bosco San Matteo<\/strong>, <strong>Ass. Ospedali Pediatrici italiani<\/strong>, <strong>Az. Ospedale Universit\u00e0 di Padova<\/strong>, <strong>Az. Ospedaliero-Universitaria Policlinico di Bari<\/strong>, <strong>Az. Ospedaliero-Universitaria Meyer<\/strong>, <strong>Cipss coop.soc<\/strong>, <strong>COMIN coop. soc<\/strong>., <strong>Itaca coop. soc<\/strong>., <strong>Fondazione Territori Sociali Altavaldelsa<\/strong>, <strong>Universit\u00e0 di Firenze &#8211; Dip. Scienze della salute<\/strong>, <strong>Universit\u00e0 di Palermo &#8211; PROMISE<\/strong>, <strong>Universit\u00e0 di Milano<\/strong> e selezionato da <strong>\u201cCon i Bambini nell\u2019ambito del Fondo per il contrasto della povert\u00e0 educativa minorile&#8221;.<\/strong><\/p>\n<p>&nbsp;<\/p>\n<p><a href=\"#_ftnref1\" name=\"_ftn1\"><span>[1]<\/span><\/a> II Indagine nazionale sul maltrattamento di bambini e adolescenti in Italia, condotta da Terre des Hommes e CISMAI per l\u2019Autorit\u00e0 Garante per l\u2019Infanzia e l\u2019Adolescenza, 2021.<\/p>\n<p>&nbsp;<\/p>\n<p>[\/et_pb_text][\/et_pb_column][\/et_pb_row][\/et_pb_section]<\/p>\n","protected":false},"excerpt":{"rendered":"<p>Non farmi male &#8211; Viaggio attraverso l&#8217;infanzia violata \u00e8 il nuovo podcast di Terre des Hommes. 6 nuovi episodi, 6 nuove voci che raccontano in prima persona storie di violenza e abuso infantile. Dopo il successo del podcast Respiro \u2013 Storie di orfani di femminicidio, Terre des Hommes pubblica oggi un nuovo podcast \u201cNon farmi [&hellip;]<\/p>\n","protected":false},"author":6,"featured_media":6598,"comment_status":"closed","ping_status":"closed","sticky":false,"template":"","format":"standard","meta":{"_et_pb_use_builder":"on","_et_pb_old_content":"<p>\u201c<i>Presto <strong>le nostre bambine non dovranno pi\u00f9 percorrere lunghe distanze per portare l\u2019acqua a casa<\/strong> e la nostra comunit\u00e0 potr\u00e0 addirittura vendere gli ortaggi che cresceranno vicino casa!<\/i>\u201d<\/p><p>\u00c8 ottimista <strong>Pearson Chinuwe<\/strong>, presidente della comunit\u00e0 di <strong>Mubagwashe<\/strong>, un villaggio rurale del Sud-Est dello Zimbabwe, <strong>dove gli effetti della desertificazione a causa dei cambiamenti climatici sono sotto gli occhi di tutti<\/strong>.<\/p><p>Questa nazione infatti \u00e8 <a href=\"https:\/\/www.ibanet.org\/climate-change-cop26-and-the-impact-in-zimbabwe\" target=\"_blank\" rel=\"noopener\">estremamente vulnerabile al riscaldamento globale<\/a>:<\/p><ul><li>nell'ultimo secolo <strong>le temperature sono<\/strong> <strong>aumentate di circa due gradi<\/strong><\/li><li><strong>le precipitazioni annuali sono diminuite del 20-30%<\/strong>, con conseguente riduzione dell\u2019acqua dolce<\/li><li><strong>l'80% della produzione agricola<\/strong> <strong>dipende<\/strong> esclusivamente <strong>dalle piogge<\/strong><\/li><li>Il periodo delle precipitazioni si \u00e8 spostato dall'inizio di novembre alla <strong>fine di dicembre<\/strong><\/li><li>negli ultimi 20 anni ci sono stati <strong>10 periodi di siccit\u00e0 grave<\/strong>, oltre a numerosi <strong>cicloni e tempeste<\/strong>.<\/li><\/ul><p>Ci\u00f2 ha aggravato la desertificazione di diverse regioni e l'insicurezza alimentare di gran parte della popolazione, soprattutto quella che vive nelle <strong>aree rurali, dove i prezzi delle derrate alimentari sono molto alti e<\/strong> <strong>il 76% dei bambini vive in condizione di povert\u00e0<\/strong>.<\/p>[caption id=\"attachment_6511\" align=\"alignnone\" width=\"1024\"]<img class=\"size-large wp-image-6511\" src=\"https:\/\/terredeshommes.it\/eng\/wp-content\/uploads\/Drought-in-the-rain-season-A-Climate-change-issue-Stefano-Stranges-54-Medium-1024x683.jpg\" alt=\"(c)Stefano Stranges\" width=\"1024\" height=\"683\" \/> (c)Stefano Stranges[\/caption]<p>Nella provincia di Masvingo, <strong>la comunit\u00e0 di Mubagwashe deve affrontare da molto tempo i problemi idrici causati dalla desertificazione<\/strong>, soprattutto per l'agricoltura e l\u2019allevamento del bestiame.<\/p><ul><li>I pi\u00f9 vicini abbeveratoi si sono ormai prosciugati <strong>costringendo gli abitanti del villaggio a camminare per pi\u00f9 di 7 km<\/strong> fino al punto d'acqua pi\u00f9 vicino per il loro bestiame.<\/li><li>Questa situazione fa s\u00ec che <strong>alcune famiglie non siano nemmeno in grado di avere piccoli orti<\/strong>\u00a0per il consumo familiare a causa della scarsit\u00e0 d'acqua.<\/li><li>I ragazzi e <strong>le ragazze della comunit\u00e0 non hanno pi\u00f9 tempo per lo studio<\/strong>, le attivit\u00e0 sociali o semplicemente per riposare, dato che devono percorrere lunghe distanze a piedi per portare l'acqua a casa<\/li><li>Tutta <strong>la comunit\u00e0 \u00e8 pi\u00f9 esposta alle<\/strong> <strong>malattie causate dalla scarsit\u00e0 di acqua sicura e igiene personale<\/strong> (colera, dissenteria, dermatosi, ecc.) e alla denutrizione.<\/li><\/ul><p>In passato <strong>la comunit\u00e0 aveva cercato di trovare il modo per mitigare alcune di queste sfide, ma senza molto successo, a causa delle sue limitate conoscenze tecniche e risorse finanziarie<\/strong>. Nella zona si trovano ormai molte cisterne e pozzi fatiscenti e abbandonati e il terreno \u00e8 degradato dalla desertificazione.<\/p><p>Tuttavia, con l'arrivo del progetto <strong>Seeds for the future - <em>Sustainable Agriculture for the Resilience of Rural Communities<\/em><\/strong> (SEFF) i problemi di scarsit\u00e0 d'acqua a Mubagawshe potranno essere mitigati grazie ad alcuni interventi, come la <strong>costruzione di piccole dighe di sbarramento<\/strong> di alcuni corsi d\u2019acqua a regime torrentizio e l\u2019impianto di <strong>sistemi avanzati d\u2019irrigazione<\/strong> per le colture che permettono di non sprecare l\u2019acqua.<\/p><p><img class=\"alignnone size-large wp-image-6512\" src=\"https:\/\/terredeshommes.it\/eng\/wp-content\/uploads\/Weir-Dam-Picture-2-1024x768.jpg\" alt=\"\" width=\"1024\" height=\"768\" \/><\/p><p>Con il progetto SEFF Terre des Hommes Italia ha lavorato a stretto contatto con il governo dello Zimbabwe e la comunit\u00e0 di Mubagawshe. <strong>La costruzione della diga di sbarramento \u00e8 nella fase finale<\/strong> di scavo del nucleo, grazie alla collaborazione dei membri della comunit\u00e0 che forniscono la manodopera. Per <strong>Pearson Chinuwe<\/strong>, la diga li aiuter\u00e0 anche a migliorare la loro qualit\u00e0 di vita potendo intraprendere alcune attivit\u00e0 generatrici di reddito.<\/p>[caption id=\"attachment_6513\" align=\"alignnone\" width=\"1024\"]<img class=\"wp-image-6513 size-large\" src=\"https:\/\/terredeshommes.it\/eng\/wp-content\/uploads\/Pearson-Chinuwe-1024x768.jpg\" alt=\"\" width=\"1024\" height=\"768\" \/> Pearson Chinuwe[\/caption]<p>\"<em><strong>La diga ci aiuter\u00e0 a trasformare la nostra vita<\/strong>, perch\u00e9 in passato abbiamo davvero faticato a procurarci l'acqua. Quando la diga sar\u00e0 completata potremo anche avventurarci nell'allevamento del pesce e sostenere le nostre famiglie. <strong>Il nostro bestiame potr\u00e0 abbeverarsi pi\u00f9 facilmente e l'acqua sar\u00e0 pi\u00f9 vicina alle nostre case<\/strong><\/em>\".<\/p><p>Come strategia per far fronte agli shock climatici e migliorare i mezzi di sostentamento della comunit\u00e0, <strong>Terre des Hommes Italia<\/strong> nell\u2019ambito del progetto SEFF <strong>ha anche realizzato un orto comunitario a 100 metri dalla diga<\/strong>.<\/p><p>\"<i>Grazie a questo orto speriamo di essere in grado di <\/i><i>guadagnare<\/i><i> denaro per il mantenimento delle nostre famiglie. <strong>Saremo in grado di pagare le tasse scolastiche per i nostri figli<\/strong>. In futuro <strong>vorremmo piantare pomodori, ortaggi, patate dolci e patate<\/strong> per poter rifornire i grandi mercati di Harare<\/i>\", dice Patrick Chimasha, un altro membro della comunit\u00e0 di Mubagwashe.<\/p>[caption id=\"attachment_6517\" align=\"alignnone\" width=\"1024\"]<img class=\"size-large wp-image-6517\" src=\"https:\/\/terredeshommes.it\/eng\/wp-content\/uploads\/Patrick-Chimasha-1024x768.jpg\" alt=\"\" width=\"1024\" height=\"768\" \/> Patrick Chimasha[\/caption]<p>Il progetto SEFF, di durata triennale, \u00e8 ora al suo secondo anno e viene attuato in circoscrizioni selezionate dei distretti di Chiredzi, Masvingo Rural e Mwenezi, con un <strong>obiettivo di beneficiare direttamente 5.920 persone<\/strong> con:<\/p><p>- iniziative di <strong>agroecologia comunitaria per la selezione di sementi tradizionali<\/strong> della comunit\u00e0, la loro conservazione, moltiplicazione e uso<\/p><p>- costruzione di <strong>sbarramenti di corsi d\u2019acqua e di pozzi ad energia solare<\/strong><\/p><p>- creazione di <strong>sistemi di microirrigazione<\/strong> per l'alimentazione e la generazione di reddito per le famiglie e le scuole<\/p><p>- realizzazione di <strong>3 orti comunitari e 6 orti nutrizionali<\/strong> a Chiredzi, Mwenezi e Masvingo Rural <strong>per diversificare la dieta e combattere la malnutrizione<\/strong><\/p><p>- incremento della <strong>produzione di colture di alto valore<\/strong> come quella della paprika, che viene anche seccata e imballata per poter essere venduta nelle citt\u00e0 e relativa formazione degli agricoltori.<\/p><p><img class=\"alignnone size-full wp-image-6514\" src=\"https:\/\/terredeshommes.it\/eng\/wp-content\/uploads\/paprika.jpeg\" alt=\"\" width=\"1000\" height=\"750\" \/><\/p><p>Il progetto SEEF contro la desertificazione \u00e8 finanziato con 3,7 milioni di euro dall'<a href=\"https:\/\/www.aics.gov.it\/\" target=\"_blank\" rel=\"noopener\">Agenzia Italiana per la Cooperazione allo Sviluppo<\/a> e attuato da <a href=\"https:\/\/terredeshommes.it\/eng\/progetti\/zimbabwe\/\" target=\"_blank\" rel=\"noopener\">Terre des Hommes Italia<\/a> insieme a <a href=\"https:\/\/www.cospe.org\/\" target=\"_blank\" rel=\"noopener\">COSPE<\/a>, Sustainable Agriculture Technology Zimbabwe, CTDO e Women & Land in Zimbabwe, <a href=\"https:\/\/rsr.bio\/\" target=\"_blank\" rel=\"noopener\">Rete Semi Rurali<\/a> e l\u2019Ambasciata d'Italia ad Harare.<\/p>","_et_gb_content_width":"","footnotes":""},"categories":[16],"tags":[],"class_list":["post-6587","post","type-post","status-publish","format-standard","has-post-thumbnail","hentry","category-comunicati"],"yoast_head":"<!-- This site is optimized with the Yoast SEO plugin v21.1 - https:\/\/yoast.com\/wordpress\/plugins\/seo\/ -->\n<title>Non farmi male - Viaggio attraverso l&#039;infanzia violata<\/title>\n<meta name=\"description\" content=\"Dopo il successo di Respiro, Terre des Hommes lancia un nuovo podcast per sensibilizzare sulle diverse forme di maltrattamento sui minori\" \/>\n<meta name=\"robots\" content=\"index, follow, max-snippet:-1, max-image-preview:large, max-video-preview:-1\" \/>\n<link rel=\"canonical\" href=\"https:\/\/terredeshommes.it\/eng\/comunicati\/non-farmi-male-un-viaggio-attraverso-linfanzia-violata\/\" \/>\n<meta property=\"og:locale\" content=\"en_US\" \/>\n<meta property=\"og:type\" content=\"article\" \/>\n<meta property=\"og:title\" content=\"Non farmi male - Viaggio attraverso l&#039;infanzia violata\" \/>\n<meta property=\"og:description\" content=\"Dopo il successo di Respiro, Terre des Hommes lancia un nuovo podcast per sensibilizzare sulle diverse forme di maltrattamento sui minori\" \/>\n<meta property=\"og:url\" content=\"https:\/\/terredeshommes.it\/eng\/comunicati\/non-farmi-male-un-viaggio-attraverso-linfanzia-violata\/\" \/>\n<meta property=\"og:site_name\" content=\"Terre des Hommes Italia\" \/>\n<meta property=\"article:published_time\" content=\"2023-06-22T10:03:15+00:00\" \/>\n<meta property=\"article:modified_time\" content=\"2023-06-22T10:04:41+00:00\" \/>\n<meta property=\"og:image\" content=\"https:\/\/terredeshommes.it\/eng\/wp-content\/uploads\/301a986014c14585431dcd9d5d22c291.jpg\" \/>\n\t<meta property=\"og:image:width\" content=\"1136\" \/>\n\t<meta property=\"og:image:height\" content=\"275\" \/>\n\t<meta property=\"og:image:type\" content=\"image\/jpeg\" \/>\n<meta name=\"author\" content=\"Anna Bianchi\" \/>\n<meta name=\"twitter:card\" content=\"summary_large_image\" \/>\n<meta name=\"twitter:label1\" content=\"Written by\" \/>\n\t<meta name=\"twitter:data1\" content=\"Anna Bianchi\" \/>\n\t<meta name=\"twitter:label2\" content=\"Est. reading time\" \/>\n\t<meta name=\"twitter:data2\" content=\"4 minutes\" \/>\n<script type=\"application\/ld+json\" class=\"yoast-schema-graph\">{\"@context\":\"https:\/\/schema.org\",\"@graph\":[{\"@type\":\"WebPage\",\"@id\":\"https:\/\/terredeshommes.it\/eng\/comunicati\/non-farmi-male-un-viaggio-attraverso-linfanzia-violata\/\",\"url\":\"https:\/\/terredeshommes.it\/eng\/comunicati\/non-farmi-male-un-viaggio-attraverso-linfanzia-violata\/\",\"name\":\"Non farmi male - Viaggio attraverso l'infanzia violata\",\"isPartOf\":{\"@id\":\"https:\/\/terredeshommes.it\/eng\/#website\"},\"datePublished\":\"2023-06-22T10:03:15+00:00\",\"dateModified\":\"2023-06-22T10:04:41+00:00\",\"author\":{\"@id\":\"https:\/\/terredeshommes.it\/eng\/#\/schema\/person\/dbba823406adc60a974a3434150e38d5\"},\"description\":\"Dopo il successo di Respiro, Terre des Hommes lancia un nuovo podcast per sensibilizzare sulle diverse forme di maltrattamento sui minori\",\"breadcrumb\":{\"@id\":\"https:\/\/terredeshommes.it\/eng\/comunicati\/non-farmi-male-un-viaggio-attraverso-linfanzia-violata\/#breadcrumb\"},\"inLanguage\":\"en-US\",\"potentialAction\":[{\"@type\":\"ReadAction\",\"target\":[\"https:\/\/terredeshommes.it\/eng\/comunicati\/non-farmi-male-un-viaggio-attraverso-linfanzia-violata\/\"]}]},{\"@type\":\"BreadcrumbList\",\"@id\":\"https:\/\/terredeshommes.it\/eng\/comunicati\/non-farmi-male-un-viaggio-attraverso-linfanzia-violata\/#breadcrumb\",\"itemListElement\":[{\"@type\":\"ListItem\",\"position\":1,\"name\":\"Home\",\"item\":\"https:\/\/terredeshommes.it\/eng\/\"},{\"@type\":\"ListItem\",\"position\":2,\"name\":\"Non farmi male &#8211; Viaggio attraverso l&#8217;infanzia violata\"}]},{\"@type\":\"WebSite\",\"@id\":\"https:\/\/terredeshommes.it\/eng\/#website\",\"url\":\"https:\/\/terredeshommes.it\/eng\/\",\"name\":\"Terre des Hommes Italia\",\"description\":\"Proteggiamo i bambini insieme\",\"potentialAction\":[{\"@type\":\"SearchAction\",\"target\":{\"@type\":\"EntryPoint\",\"urlTemplate\":\"https:\/\/terredeshommes.it\/eng\/?s={search_term_string}\"},\"query-input\":\"required name=search_term_string\"}],\"inLanguage\":\"en-US\"},{\"@type\":\"Person\",\"@id\":\"https:\/\/terredeshommes.it\/eng\/#\/schema\/person\/dbba823406adc60a974a3434150e38d5\",\"name\":\"Anna Bianchi\",\"url\":\"https:\/\/terredeshommes.it\/eng\/author\/a-bianchitdhitaly-org\/\"}]}<\/script>\n<!-- \/ Yoast SEO plugin. -->","yoast_head_json":{"title":"Non farmi male - Viaggio attraverso l'infanzia violata","description":"Dopo il successo di Respiro, Terre des Hommes lancia un nuovo podcast per sensibilizzare sulle diverse forme di maltrattamento sui minori","robots":{"index":"index","follow":"follow","max-snippet":"max-snippet:-1","max-image-preview":"max-image-preview:large","max-video-preview":"max-video-preview:-1"},"canonical":"https:\/\/terredeshommes.it\/eng\/comunicati\/non-farmi-male-un-viaggio-attraverso-linfanzia-violata\/","og_locale":"en_US","og_type":"article","og_title":"Non farmi male - Viaggio attraverso l'infanzia violata","og_description":"Dopo il successo di Respiro, Terre des Hommes lancia un nuovo podcast per sensibilizzare sulle diverse forme di maltrattamento sui minori","og_url":"https:\/\/terredeshommes.it\/eng\/comunicati\/non-farmi-male-un-viaggio-attraverso-linfanzia-violata\/","og_site_name":"Terre des Hommes Italia","article_published_time":"2023-06-22T10:03:15+00:00","article_modified_time":"2023-06-22T10:04:41+00:00","og_image":[{"width":1136,"height":275,"url":"https:\/\/terredeshommes.it\/eng\/wp-content\/uploads\/301a986014c14585431dcd9d5d22c291.jpg","type":"image\/jpeg"}],"author":"Anna Bianchi","twitter_card":"summary_large_image","twitter_misc":{"Written by":"Anna Bianchi","Est. reading time":"4 minutes"},"schema":{"@context":"https:\/\/schema.org","@graph":[{"@type":"WebPage","@id":"https:\/\/terredeshommes.it\/eng\/comunicati\/non-farmi-male-un-viaggio-attraverso-linfanzia-violata\/","url":"https:\/\/terredeshommes.it\/eng\/comunicati\/non-farmi-male-un-viaggio-attraverso-linfanzia-violata\/","name":"Non farmi male - Viaggio attraverso l'infanzia violata","isPartOf":{"@id":"https:\/\/terredeshommes.it\/eng\/#website"},"datePublished":"2023-06-22T10:03:15+00:00","dateModified":"2023-06-22T10:04:41+00:00","author":{"@id":"https:\/\/terredeshommes.it\/eng\/#\/schema\/person\/dbba823406adc60a974a3434150e38d5"},"description":"Dopo il successo di Respiro, Terre des Hommes lancia un nuovo podcast per sensibilizzare sulle diverse forme di maltrattamento sui minori","breadcrumb":{"@id":"https:\/\/terredeshommes.it\/eng\/comunicati\/non-farmi-male-un-viaggio-attraverso-linfanzia-violata\/#breadcrumb"},"inLanguage":"en-US","potentialAction":[{"@type":"ReadAction","target":["https:\/\/terredeshommes.it\/eng\/comunicati\/non-farmi-male-un-viaggio-attraverso-linfanzia-violata\/"]}]},{"@type":"BreadcrumbList","@id":"https:\/\/terredeshommes.it\/eng\/comunicati\/non-farmi-male-un-viaggio-attraverso-linfanzia-violata\/#breadcrumb","itemListElement":[{"@type":"ListItem","position":1,"name":"Home","item":"https:\/\/terredeshommes.it\/eng\/"},{"@type":"ListItem","position":2,"name":"Non farmi male &#8211; Viaggio attraverso l&#8217;infanzia violata"}]},{"@type":"WebSite","@id":"https:\/\/terredeshommes.it\/eng\/#website","url":"https:\/\/terredeshommes.it\/eng\/","name":"Terre des Hommes Italia","description":"Proteggiamo i bambini insieme","potentialAction":[{"@type":"SearchAction","target":{"@type":"EntryPoint","urlTemplate":"https:\/\/terredeshommes.it\/eng\/?s={search_term_string}"},"query-input":"required name=search_term_string"}],"inLanguage":"en-US"},{"@type":"Person","@id":"https:\/\/terredeshommes.it\/eng\/#\/schema\/person\/dbba823406adc60a974a3434150e38d5","name":"Anna Bianchi","url":"https:\/\/terredeshommes.it\/eng\/author\/a-bianchitdhitaly-org\/"}]}},"_links":{"self":[{"href":"https:\/\/terredeshommes.it\/eng\/wp-json\/wp\/v2\/posts\/6587","targetHints":{"allow":["GET"]}}],"collection":[{"href":"https:\/\/terredeshommes.it\/eng\/wp-json\/wp\/v2\/posts"}],"about":[{"href":"https:\/\/terredeshommes.it\/eng\/wp-json\/wp\/v2\/types\/post"}],"author":[{"embeddable":true,"href":"https:\/\/terredeshommes.it\/eng\/wp-json\/wp\/v2\/users\/6"}],"replies":[{"embeddable":true,"href":"https:\/\/terredeshommes.it\/eng\/wp-json\/wp\/v2\/comments?post=6587"}],"version-history":[{"count":10,"href":"https:\/\/terredeshommes.it\/eng\/wp-json\/wp\/v2\/posts\/6587\/revisions"}],"predecessor-version":[{"id":6607,"href":"https:\/\/terredeshommes.it\/eng\/wp-json\/wp\/v2\/posts\/6587\/revisions\/6607"}],"wp:featuredmedia":[{"embeddable":true,"href":"https:\/\/terredeshommes.it\/eng\/wp-json\/wp\/v2\/media\/6598"}],"wp:attachment":[{"href":"https:\/\/terredeshommes.it\/eng\/wp-json\/wp\/v2\/media?parent=6587"}],"wp:term":[{"taxonomy":"category","embeddable":true,"href":"https:\/\/terredeshommes.it\/eng\/wp-json\/wp\/v2\/categories?post=6587"},{"taxonomy":"post_tag","embeddable":true,"href":"https:\/\/terredeshommes.it\/eng\/wp-json\/wp\/v2\/tags?post=6587"}],"curies":[{"name":"wp","href":"https:\/\/api.w.org\/{rel}","templated":true}]}}