{"id":663,"date":"2020-04-27T12:53:07","date_gmt":"2020-04-27T10:53:07","guid":{"rendered":"https:\/\/terredeshommes.it\/?p=663"},"modified":"2020-08-19T12:53:30","modified_gmt":"2020-08-19T10:53:30","slug":"coronavirus-il-dramma-sanitario-diventa-anche-sociale","status":"publish","type":"post","link":"https:\/\/terredeshommes.it\/eng\/comunicati\/coronavirus-il-dramma-sanitario-diventa-anche-sociale\/","title":{"rendered":"Coronavirus: il dramma sanitario diventa anche sociale"},"content":{"rendered":"<p>[et_pb_section fb_built=&#8221;1&#8243; _builder_version=&#8221;3.22&#8243;][et_pb_row column_structure=&#8221;1_5,3_5,1_5&#8243; _builder_version=&#8221;3.25&#8243; background_size=&#8221;initial&#8221; background_position=&#8221;top_left&#8221; background_repeat=&#8221;repeat&#8221;][et_pb_column type=&#8221;1_5&#8243; _builder_version=&#8221;3.25&#8243; custom_padding=&#8221;|||&#8221; custom_padding__hover=&#8221;|||&#8221;][\/et_pb_column][et_pb_column type=&#8221;3_5&#8243; _builder_version=&#8221;3.25&#8243; custom_padding=&#8221;|||&#8221; custom_padding__hover=&#8221;|||&#8221;][et_pb_text admin_label=&#8221;Testo&#8221; _builder_version=&#8221;4.5.6&#8243; background_size=&#8221;initial&#8221; background_position=&#8221;top_left&#8221; background_repeat=&#8221;repeat&#8221; hover_enabled=&#8221;0&#8243;]<\/p>\n<p>La grave pandemia di Covid-19, che da fine febbraio sta flagellando il nostro Paese, ha dato purtroppo vita a una\u00a0<strong>duplice emergenza: oltre a quella sanitaria, oggi ci ritroviamo di fronte a una crisi sociale senza precedenti<\/strong>\u00a0che, come emerge dai pi\u00f9 recenti rapporti di settore,\u00a0<strong>colpisce soprattutto le famiglie pi\u00f9 fragili e i loro bambini<\/strong>, con effetti drammatici sul loro livello di povert\u00e0. Se i dati del 2018 dell\u2019Istat \u2013 gli ultimi disponibili \u2013 parlano di oltre 1,8 milioni di famiglie in condizioni di povert\u00e0 assoluta in Italia, per un numero complessivo di 5 milioni di individui, secondo le ultime stime del Centro Studi UGL,\u00a0<strong>entro la fine di giugno 2020 il numero di persone in condizione di povert\u00e0 assoluta potrebbe raddoppiare, arrivando a 9,8 milioni di individui<\/strong>.<\/p>\n<p>Per fronteggiare questa situazione estremamente critica, Terre des Hommes lancia il progetto \u201c<strong>Una spesa per i bambini<\/strong>\u201d, che ha l\u2019obiettivo di contrastare la povert\u00e0 infantile e delle famiglie nelle periferie urbane delle Zone 2 e 9 di Milano. Per dare continuit\u00e0 al progetto, Terre des Hommes ha attivato una raccolta fondi, alla quale si pu\u00f2 contribuire donando\u00a0<a href=\"https:\/\/emergenzabambini.terredeshommes.it\/\" target=\"_blank\" rel=\"noopener noreferrer\">qui<\/a><\/p>\n<p>In questo contesto di crescente criticit\u00e0, risultano allarmanti anche i dati della\u00a0<a href=\"https:\/\/www.caritas.it\/pls\/caritasitaliana\/V3_S2EW_CONSULTAZIONE.mostra_pagina?id_pagina=8787&amp;rifi=guest&amp;rifp=guest\" target=\"_blank\" rel=\"noopener noreferrer\">Caritas<\/a>\u00a0che, rispetto al periodo di pre-emergenza coronavirus, ha registrato un\u00a0<strong>aumento di oltre il 100% nel numero di nuove persone<\/strong>\u00a0che si rivolgono ai loro Centri per beneficiare di beni e servizi materiali, in particolare cibo e beni di prima necessit\u00e0. Emblematico \u00e8 proprio il caso di Milano, la metropoli pi\u00f9 ricca d\u2019Italia, ma anche tra le citt\u00e0 pi\u00f9 piegate dalla pandemia dove, oltre al tragico bilancio delle vittime, bisogna fare i conti con uno scenario preoccupante, appunto quello della povert\u00e0. L\u2019arresto delle attivit\u00e0 produttive e delle attivit\u00e0 commerciali non essenziali sta facendo emergere il\u00a0<strong>dramma di chi aveva un lavoro precario o non regolare ed \u00e8 rimasto senza nulla, di chi ha visto ridurre drasticamente il proprio impegno retribuito, o chi \u00e8 andato in cassa integrazione<\/strong>, determinando cos\u00ec una grave e veloce perdita di capacit\u00e0 economica dei nuclei familiari gi\u00e0 in forte difficolt\u00e0.<\/p>\n<p>Per fronteggiare l\u2019emergenza sociale sul territorio, il progetto\u00a0<strong>Una spesa per i bambini<\/strong>\u00a0\u2013 nato in collaborazione con gli uffici decentrati del\u00a0<strong>Comune di Milano<\/strong>, le reti di organizzazioni non profit aderenti al progetto\u00a0<a href=\"https:\/\/ricettaqubi.it\/\" target=\"_blank\" rel=\"noopener noreferrer\">QuB\u00ec<\/a>\u00a0e\u00a0<a href=\"https:\/\/www.facebook.com\/pages\/category\/News---Media-Website\/Niguarda-Rinasce-111466640467591\/\" target=\"_blank\" rel=\"noopener noreferrer\">Niguarda Rinasce<\/a>\u00a0\u2013 intende fornire\u00a0<strong>supporto immediato alle famiglie che vivono nelle periferie urbane delle Zone 2 e 9 di Milano, prevalentemente con bambini piccoli<\/strong>, che si trovano in situazioni di difficolt\u00e0 economica grave ed educativa \u2013 certificata dal Comune di Milano \u2013 in quanto ulteriormente danneggiate dall\u2019insorgere dell\u2019emergenza COVID 19. Si tratta di genitori che hanno perso il lavoro e con esso la capacit\u00e0 di sostentamento dei propri figli, che sono impossibilitati a seguire la didattica on-line.<\/p>\n<p>Terre des Hommes, sostenuta da diverse\u00a0<strong>aziende partner tra cui Mediaworld, Tigros, BLS e Lidl<\/strong>, sta provvedendo alla\u00a0<strong>distribuzione di pacchetti alimentari<\/strong>\u00a0di cibo fresco (frutta, verdura, formaggio, carne e latte o, dove necessario, alimenti per l\u2019infanzia),\u00a0<strong>buoni per la spesa, mascherine sanitarie e tablet<\/strong>\u00a0al fine di garantire a queste famiglie il supporto immediato di cui hanno bisogno e ai bambini la necessaria continuit\u00e0 educativa.<\/p>\n<p>Finora sono state aiutate circa 100 famiglie, ma\u00a0<strong>sono ancora in tanti ad avere bisogno<\/strong>, perch\u00e9 purtroppo a pagare il prezzo pi\u00f9 alto di questa emergenza sono ancora una volta i pi\u00f9 vulnerabili.<\/p>\n<p>\u00ab<em>La crisi economica causata dall\u2019emergenza sanitaria in corso sta facendo aumentare la vulnerabilit\u00e0 delle famiglie, soprattutto di quelle che gi\u00e0 prima vivevano in situazioni molto precarie. A essere pi\u00f9 colpite sono le famiglie monoreddito, i genitori separati e le famiglie con pi\u00f9 minori a carico, che spesso non hanno neanche cibo sufficiente e beni di prima necessit\u00e0. Per questo \u00e8 fondamentale intervenire subito in loro soccorso, con aiuti concreti volti a contrastare la povert\u00e0 infantile e delle famiglie<\/em>\u00bb, \u2013 dichiara\u00a0<strong>Paolo Ferrara<\/strong>, Direttore Generale di Terre des Hommes. \u00ab<em>In questo contesto la povert\u00e0 educativa, gi\u00e0 molto forte, si \u00e8 accentuata ed il rischio \u00e8 che aumentino le disuguaglianze sociali tra i minori. Bisogna mettere a disposizione di queste famiglie anche ausili tecnologici per garantire ai bambini la necessaria continuit\u00e0 educativa, affinch\u00e9 il nostro Paese riparta senza lasciare nessuno indietro<\/em>\u00bb.<\/p>\n<p>\u00c8 possibile sostenere il progetto \u201cUna spesa per i bambini\u201d attraverso:<br \/>\u2022\u00a0<strong>Donazioni online<\/strong>\u00a0sul sito\u00a0<a href=\"https:\/\/emergenzabambini.terredeshommes.it\/\" target=\"_blank\" rel=\"noopener noreferrer\">www.emergenzabambini.it<\/a><\/p>\n<p>\u2022\u00a0<strong>Bonifico bancario<\/strong>\u00a0intestato a Monte dei Paschi di Siena Ag.34 Milano \u2013 IBAN: IT37E0103001633000063232384 \u2013 causale Fondo Famiglie e Bambini Emergenza COVID 19<\/p>\n<p>\u2022 Oppure creando una\u00a0<strong>raccolta fondi personale su Facebook<\/strong><\/p>\n<p>[\/et_pb_text][\/et_pb_column][et_pb_column type=&#8221;1_5&#8243; _builder_version=&#8221;3.25&#8243; custom_padding=&#8221;|||&#8221; custom_padding__hover=&#8221;|||&#8221;][\/et_pb_column][\/et_pb_row][\/et_pb_section]<\/p>\n","protected":false},"excerpt":{"rendered":"<p>La grave pandemia di Covid-19, che da fine febbraio sta flagellando il nostro Paese, ha dato purtroppo vita a una\u00a0duplice emergenza: oltre a quella sanitaria, oggi ci ritroviamo di fronte a una crisi sociale senza precedenti\u00a0che, come emerge dai pi\u00f9 recenti rapporti di settore,\u00a0colpisce soprattutto le famiglie pi\u00f9 fragili e i loro bambini, con effetti [&hellip;]<\/p>\n","protected":false},"author":2,"featured_media":664,"comment_status":"open","ping_status":"open","sticky":false,"template":"","format":"standard","meta":{"_et_pb_use_builder":"on","_et_pb_old_content":"Cras mattis consectetur purus sit amet fermentum. Aenean lacinia bibendum nulla sed consectetur. Donec ullamcorper nulla non metus auctor fringilla. Donec ullamcorper nulla non metus auctor fringilla.","_et_gb_content_width":"","footnotes":""},"categories":[16],"tags":[],"class_list":["post-663","post","type-post","status-publish","format-standard","has-post-thumbnail","hentry","category-comunicati"],"yoast_head":"<!-- This site is optimized with the Yoast SEO plugin v21.1 - https:\/\/yoast.com\/wordpress\/plugins\/seo\/ -->\n<title>Coronavirus: il dramma sanitario diventa anche sociale - Terre des Hommes Italia<\/title>\n<meta name=\"robots\" content=\"index, follow, max-snippet:-1, max-image-preview:large, max-video-preview:-1\" \/>\n<link rel=\"canonical\" href=\"https:\/\/terredeshommes.it\/eng\/comunicati\/coronavirus-il-dramma-sanitario-diventa-anche-sociale\/\" \/>\n<meta property=\"og:locale\" content=\"en_US\" \/>\n<meta property=\"og:type\" content=\"article\" \/>\n<meta property=\"og:title\" content=\"Coronavirus: il dramma sanitario diventa anche sociale - Terre des Hommes Italia\" \/>\n<meta property=\"og:description\" content=\"La grave pandemia di Covid-19, che da fine febbraio sta flagellando il nostro Paese, ha dato purtroppo vita a una\u00a0duplice emergenza: oltre a quella sanitaria, oggi ci ritroviamo di fronte a una crisi sociale senza precedenti\u00a0che, come emerge dai pi\u00f9 recenti rapporti di settore,\u00a0colpisce soprattutto le famiglie pi\u00f9 fragili e i loro bambini, con effetti [&hellip;]\" \/>\n<meta property=\"og:url\" content=\"https:\/\/terredeshommes.it\/eng\/comunicati\/coronavirus-il-dramma-sanitario-diventa-anche-sociale\/\" \/>\n<meta property=\"og:site_name\" content=\"Terre des Hommes Italia\" \/>\n<meta property=\"article:published_time\" content=\"2020-04-27T10:53:07+00:00\" \/>\n<meta property=\"article:modified_time\" content=\"2020-08-19T10:53:30+00:00\" \/>\n<meta property=\"og:image\" content=\"https:\/\/terredeshommes.it\/eng\/wp-content\/uploads\/Una-spesa-per-i-bambini_TDH_web-940x461-1.jpg\" \/>\n\t<meta property=\"og:image:width\" content=\"940\" \/>\n\t<meta property=\"og:image:height\" content=\"461\" \/>\n\t<meta property=\"og:image:type\" content=\"image\/jpeg\" \/>\n<meta name=\"author\" content=\"Kudu\" \/>\n<meta name=\"twitter:card\" content=\"summary_large_image\" \/>\n<meta name=\"twitter:label1\" content=\"Written by\" \/>\n\t<meta name=\"twitter:data1\" content=\"Kudu\" \/>\n\t<meta name=\"twitter:label2\" content=\"Est. reading time\" \/>\n\t<meta name=\"twitter:data2\" content=\"4 minutes\" \/>\n<script type=\"application\/ld+json\" class=\"yoast-schema-graph\">{\"@context\":\"https:\/\/schema.org\",\"@graph\":[{\"@type\":\"WebPage\",\"@id\":\"https:\/\/terredeshommes.it\/eng\/comunicati\/coronavirus-il-dramma-sanitario-diventa-anche-sociale\/\",\"url\":\"https:\/\/terredeshommes.it\/eng\/comunicati\/coronavirus-il-dramma-sanitario-diventa-anche-sociale\/\",\"name\":\"Coronavirus: il dramma sanitario diventa anche sociale - Terre des Hommes Italia\",\"isPartOf\":{\"@id\":\"https:\/\/terredeshommes.it\/eng\/#website\"},\"datePublished\":\"2020-04-27T10:53:07+00:00\",\"dateModified\":\"2020-08-19T10:53:30+00:00\",\"author\":{\"@id\":\"https:\/\/terredeshommes.it\/eng\/#\/schema\/person\/13d0b12f506640308153ca01a803730f\"},\"breadcrumb\":{\"@id\":\"https:\/\/terredeshommes.it\/eng\/comunicati\/coronavirus-il-dramma-sanitario-diventa-anche-sociale\/#breadcrumb\"},\"inLanguage\":\"en-US\",\"potentialAction\":[{\"@type\":\"ReadAction\",\"target\":[\"https:\/\/terredeshommes.it\/eng\/comunicati\/coronavirus-il-dramma-sanitario-diventa-anche-sociale\/\"]}]},{\"@type\":\"BreadcrumbList\",\"@id\":\"https:\/\/terredeshommes.it\/eng\/comunicati\/coronavirus-il-dramma-sanitario-diventa-anche-sociale\/#breadcrumb\",\"itemListElement\":[{\"@type\":\"ListItem\",\"position\":1,\"name\":\"Home\",\"item\":\"https:\/\/terredeshommes.it\/eng\/\"},{\"@type\":\"ListItem\",\"position\":2,\"name\":\"Coronavirus: il dramma sanitario diventa anche sociale\"}]},{\"@type\":\"WebSite\",\"@id\":\"https:\/\/terredeshommes.it\/eng\/#website\",\"url\":\"https:\/\/terredeshommes.it\/eng\/\",\"name\":\"Terre des Hommes Italia\",\"description\":\"Proteggiamo i bambini insieme\",\"potentialAction\":[{\"@type\":\"SearchAction\",\"target\":{\"@type\":\"EntryPoint\",\"urlTemplate\":\"https:\/\/terredeshommes.it\/eng\/?s={search_term_string}\"},\"query-input\":\"required name=search_term_string\"}],\"inLanguage\":\"en-US\"},{\"@type\":\"Person\",\"@id\":\"https:\/\/terredeshommes.it\/eng\/#\/schema\/person\/13d0b12f506640308153ca01a803730f\",\"name\":\"Kudu\",\"url\":\"https:\/\/terredeshommes.it\/eng\/author\/altea\/\"}]}<\/script>\n<!-- \/ Yoast SEO plugin. -->","yoast_head_json":{"title":"Coronavirus: il dramma sanitario diventa anche sociale - Terre des Hommes Italia","robots":{"index":"index","follow":"follow","max-snippet":"max-snippet:-1","max-image-preview":"max-image-preview:large","max-video-preview":"max-video-preview:-1"},"canonical":"https:\/\/terredeshommes.it\/eng\/comunicati\/coronavirus-il-dramma-sanitario-diventa-anche-sociale\/","og_locale":"en_US","og_type":"article","og_title":"Coronavirus: il dramma sanitario diventa anche sociale - Terre des Hommes Italia","og_description":"La grave pandemia di Covid-19, che da fine febbraio sta flagellando il nostro Paese, ha dato purtroppo vita a una\u00a0duplice emergenza: oltre a quella sanitaria, oggi ci ritroviamo di fronte a una crisi sociale senza precedenti\u00a0che, come emerge dai pi\u00f9 recenti rapporti di settore,\u00a0colpisce soprattutto le famiglie pi\u00f9 fragili e i loro bambini, con effetti [&hellip;]","og_url":"https:\/\/terredeshommes.it\/eng\/comunicati\/coronavirus-il-dramma-sanitario-diventa-anche-sociale\/","og_site_name":"Terre des Hommes Italia","article_published_time":"2020-04-27T10:53:07+00:00","article_modified_time":"2020-08-19T10:53:30+00:00","og_image":[{"width":940,"height":461,"url":"https:\/\/terredeshommes.it\/eng\/wp-content\/uploads\/Una-spesa-per-i-bambini_TDH_web-940x461-1.jpg","type":"image\/jpeg"}],"author":"Kudu","twitter_card":"summary_large_image","twitter_misc":{"Written by":"Kudu","Est. reading time":"4 minutes"},"schema":{"@context":"https:\/\/schema.org","@graph":[{"@type":"WebPage","@id":"https:\/\/terredeshommes.it\/eng\/comunicati\/coronavirus-il-dramma-sanitario-diventa-anche-sociale\/","url":"https:\/\/terredeshommes.it\/eng\/comunicati\/coronavirus-il-dramma-sanitario-diventa-anche-sociale\/","name":"Coronavirus: il dramma sanitario diventa anche sociale - Terre des Hommes Italia","isPartOf":{"@id":"https:\/\/terredeshommes.it\/eng\/#website"},"datePublished":"2020-04-27T10:53:07+00:00","dateModified":"2020-08-19T10:53:30+00:00","author":{"@id":"https:\/\/terredeshommes.it\/eng\/#\/schema\/person\/13d0b12f506640308153ca01a803730f"},"breadcrumb":{"@id":"https:\/\/terredeshommes.it\/eng\/comunicati\/coronavirus-il-dramma-sanitario-diventa-anche-sociale\/#breadcrumb"},"inLanguage":"en-US","potentialAction":[{"@type":"ReadAction","target":["https:\/\/terredeshommes.it\/eng\/comunicati\/coronavirus-il-dramma-sanitario-diventa-anche-sociale\/"]}]},{"@type":"BreadcrumbList","@id":"https:\/\/terredeshommes.it\/eng\/comunicati\/coronavirus-il-dramma-sanitario-diventa-anche-sociale\/#breadcrumb","itemListElement":[{"@type":"ListItem","position":1,"name":"Home","item":"https:\/\/terredeshommes.it\/eng\/"},{"@type":"ListItem","position":2,"name":"Coronavirus: il dramma sanitario diventa anche sociale"}]},{"@type":"WebSite","@id":"https:\/\/terredeshommes.it\/eng\/#website","url":"https:\/\/terredeshommes.it\/eng\/","name":"Terre des Hommes Italia","description":"Proteggiamo i bambini insieme","potentialAction":[{"@type":"SearchAction","target":{"@type":"EntryPoint","urlTemplate":"https:\/\/terredeshommes.it\/eng\/?s={search_term_string}"},"query-input":"required name=search_term_string"}],"inLanguage":"en-US"},{"@type":"Person","@id":"https:\/\/terredeshommes.it\/eng\/#\/schema\/person\/13d0b12f506640308153ca01a803730f","name":"Kudu","url":"https:\/\/terredeshommes.it\/eng\/author\/altea\/"}]}},"_links":{"self":[{"href":"https:\/\/terredeshommes.it\/eng\/wp-json\/wp\/v2\/posts\/663","targetHints":{"allow":["GET"]}}],"collection":[{"href":"https:\/\/terredeshommes.it\/eng\/wp-json\/wp\/v2\/posts"}],"about":[{"href":"https:\/\/terredeshommes.it\/eng\/wp-json\/wp\/v2\/types\/post"}],"author":[{"embeddable":true,"href":"https:\/\/terredeshommes.it\/eng\/wp-json\/wp\/v2\/users\/2"}],"replies":[{"embeddable":true,"href":"https:\/\/terredeshommes.it\/eng\/wp-json\/wp\/v2\/comments?post=663"}],"version-history":[{"count":0,"href":"https:\/\/terredeshommes.it\/eng\/wp-json\/wp\/v2\/posts\/663\/revisions"}],"wp:featuredmedia":[{"embeddable":true,"href":"https:\/\/terredeshommes.it\/eng\/wp-json\/wp\/v2\/media\/664"}],"wp:attachment":[{"href":"https:\/\/terredeshommes.it\/eng\/wp-json\/wp\/v2\/media?parent=663"}],"wp:term":[{"taxonomy":"category","embeddable":true,"href":"https:\/\/terredeshommes.it\/eng\/wp-json\/wp\/v2\/categories?post=663"},{"taxonomy":"post_tag","embeddable":true,"href":"https:\/\/terredeshommes.it\/eng\/wp-json\/wp\/v2\/tags?post=663"}],"curies":[{"name":"wp","href":"https:\/\/api.w.org\/{rel}","templated":true}]}}