{"id":7230,"date":"2023-07-20T10:43:46","date_gmt":"2023-07-20T08:43:46","guid":{"rendered":"https:\/\/terredeshommes.it\/?p=7230"},"modified":"2023-07-27T12:03:29","modified_gmt":"2023-07-27T10:03:29","slug":"bold-is-beautiful-benefit-cosmetics-e-accanto-a-terre-des-hommes-per-lempowerment-delle-ragazze","status":"publish","type":"post","link":"https:\/\/terredeshommes.it\/eng\/comunicati\/bold-is-beautiful-benefit-cosmetics-e-accanto-a-terre-des-hommes-per-lempowerment-delle-ragazze\/","title":{"rendered":"Bold is Beautiful. Benefit Cosmetics \u00e8 accanto a Terre des Hommes per l&#8217;empowerment delle ragazze"},"content":{"rendered":"<p>[et_pb_section fb_built=&#8221;1&#8243; _builder_version=&#8221;4.16&#8243; global_colors_info=&#8221;{}&#8221;][et_pb_row _builder_version=&#8221;4.16&#8243; background_size=&#8221;initial&#8221; background_position=&#8221;top_left&#8221; background_repeat=&#8221;repeat&#8221; global_colors_info=&#8221;{}&#8221;][et_pb_column type=&#8221;4_4&#8243; _builder_version=&#8221;4.16&#8243; custom_padding=&#8221;|||&#8221; global_colors_info=&#8221;{}&#8221; custom_padding__hover=&#8221;|||&#8221;][et_pb_text _builder_version=&#8221;4.18.0&#8243; background_size=&#8221;initial&#8221; background_position=&#8221;top_left&#8221; background_repeat=&#8221;repeat&#8221; global_colors_info=&#8221;{}&#8221;]<\/p>\n<p><strong>Bold is Beautiful<\/strong> \u00e8 il programma mondiale di charity di <strong>Benefit Cosmetics<\/strong> a favore di associazioni locali che supportano progretti concretti a favore dell&#8217;empowerment femminile.<\/p>\n<p>Per ogni servizio epilazione sopracciglia* effettuato ad Agosto, Benefit Cosmetics devolve <strong>5\u20ac a Mamme A Scuola &amp; Terre Des Hommes<\/strong>, due associazioni che sostengono progetti concreti a favore delle donne.<\/p>\n<p><strong>Mamma e Scuola<\/strong>, associazione milanese che aiuta le donne immigrate ad integrarsi nel territorio italiano tramite corsi di lingue e di orientamente civile, creer\u00e0 corsi di lingue per 85 donne straniere appartenenti ad un quartiere fragile di Milano.<\/p>\n<p>Grazie ai fondi raccolti <strong>Terre des Hommes<\/strong> promuover\u00e0 l&#8217;empowerment femminile tramite lo sport, organizzando corsi di crossfit per la difesa e la consapevolezza del proprio corpo, nonch\u00e9 tramite incontri psicoeducativi di gruppo, presso l&#8217;<a href=\"https:\/\/terredeshommes.it\/eng\/\" target=\"_blank\" rel=\"noopener\">Hub Spazio indifesa.<\/a><\/p>\n<p>Per partecipare all&#8217;iniziativa e contribuire a sostenere le ragazze e le donne \u00e8 possibile prenotare il servizio di sopraciglia presso i Brow Bar Benefit nei Beauty Store Sephora attraverso questo link: <a href=\"https:\/\/www.sephora.it\/servizi-in-store.html\" target=\"_blank\" rel=\"noopener\">https:\/\/www.sephora.it\/servizi-in-store.html<\/a><\/p>\n<p>&nbsp;<\/p>\n<p>&nbsp;<\/p>\n<p>&nbsp;<\/p>\n<p>[\/et_pb_text][\/et_pb_column][\/et_pb_row][\/et_pb_section]<\/p>\n","protected":false},"excerpt":{"rendered":"<p>Bold is Beautiful \u00e8 il programma mondiale di charity di Benefit Cosmetics a favore di associazioni locali che supportano progretti concretti a favore dell&#8217;empowerment femminile. Per ogni servizio epilazione sopracciglia* effettuato ad Agosto, Benefit Cosmetics devolve 5\u20ac a Mamme A Scuola &amp; Terre Des Hommes, due associazioni che sostengono progetti concreti a favore delle donne. [&hellip;]<\/p>\n","protected":false},"author":6,"featured_media":7233,"comment_status":"closed","ping_status":"closed","sticky":false,"template":"","format":"standard","meta":{"_et_pb_use_builder":"on","_et_pb_old_content":"<p>Tra poco saranno 11 gli anni che Mira festegger\u00e0, ma quest\u2019anno il suo compleanno promette di essere un\u2019occasione di festa pi\u00f9 grande del passato.<br \/><strong>Mira \u00e8 una bambina siriana rifugiata<\/strong> con la sua famiglia a Byblos, in Libano, <strong>ed \u00e8 nata con una disabilit\u00e0 fisica<\/strong> che le impedisce salire le scale e che le provoca una notevole zoppia mentre cammina.<br \/>Finora <strong>questa condizione le ha reso pi\u00f9 difficile frequentare la scuola e partecipare alle attivit\u00e0 con gli altri bambini<\/strong>.<br \/>A causa della sua disabilit\u00e0 <strong>nella scuola precedente aveva subito episodi di bullismo, che avevano ulteriormente compromesso la sua autostima<\/strong>.<\/p><h2>Uno spazio protetto dal bullismo<\/h2><p>Tuttavia, <strong>le cose sono cambiate quando ha cominciato a frequentare i corsi di alfabetizzazione e aritmetica di base offerti dal progetto Redeem<\/strong> di Terre des Hommes Italia con fondi dell\u2019<a href=\"https:\/\/www.aics.gov.it\/\" target=\"_blank\" rel=\"noopener\">Agenzia Italiana per la Cooperazione allo sviluppo<\/a>.<br \/><strong>Nel centro educativo ha trovato uno spazio protetto e inclusivo<\/strong>, dove gli operatori hanno seguito da vicino lei e i suoi genitori per capire quali fossero effettivamente le esigenze di Mira.<\/p><p><strong>Quando Mira ha espresso i suoi timori di essere di nuovo bullizzata, sono state intraprese azioni immediate e sono state organizzate sessioni di sensibilizzazione su questo tema con tutti i suoi compagni.<\/strong> Ci\u00f2 ha avuto un ruolo fondamentale nel rafforzare la sua fiducia in se stessa.<br \/>Le \u00e8 stato assicurato che <strong>il centro \u00e8 uno spazio sicuro dove potersi esprimersi e dove la sua disabilit\u00e0 non sar\u00e0 d\u2019ostacolo per partecipare a tutte le attivit\u00e0 e a interagire con i suoi coetanei<\/strong>.<\/p><h2>Una chance educativa anche per la mamma<\/h2><p>Ma non basta. <strong>Gli operatori del progetto hanno pensato di dare un\u2019opportunit\u00e0 di formazione alla madre di Mira<\/strong> e dei suoi 6 fratelli, <strong>Alya. <\/strong><\/p><p><strong>Prima la donna non aveva mai frequentato la scuola e raramente si avventurava fuori casa<\/strong>. Adesso Alya partecipa al programma di alfabetizzazione per adulti e perci\u00f2 ha iniziato a frequentare lo stesso centro della figlia.<\/p><p><img class=\"alignnone size-large wp-image-6862\" src=\"https:\/\/terredeshommes.it\/eng\/wp-content\/uploads\/AICS-REDEEM-Adult-Literacy-June-2023-1-1024x575.jpg\" alt=\"\" width=\"1024\" height=\"575\" \/><br \/><strong>In questo modo ha la possibilit\u00e0 di imparare le lingue e di confrontarsi con gli altri genitori della classe<\/strong>. Anche i trasporti per arrivare al centro sono forniti dal progetto.<\/p><p>\u201c<em>Mira adesso \u00e8 visibilmente pi\u00f9 sicura di s\u00e9 ed \u00e8 molto felice di andare al centro. Anch\u2019io posso dire lo stesso, <strong>sento che sto partecipando attivamente all\u2019educazione di mia figlia<\/strong>, anche attraverso il corso per adulti, che mi ha fatto conoscere tante donne nella mia stessa condizione<\/em>\u201d, ci ha detto la madre. \u201c<em>Insomma n\u00e9 l\u2019et\u00e0 n\u00e9 la disabilit\u00e0 sono dei veri ostacoli per per migliorare la propria istruzione<\/em>\u201d<\/p><p>Il progetto \"<strong>Redeem: Rafforzare i meccanismi educativi, di protezione e di empowerment comunitario nelle aree vulnerabili del Monte Libano<\/strong>\", ha coinvolto <strong>pi\u00f9 di 150 bambini e 75 genitori <\/strong>in attivit\u00e0 educative con l'obiettivo di fornire ai bambini le competenze fondamentali di lettura e scrittura e aiutare i genitori a contribuire attivamente al loro percorso educativo.<br \/>Il progetto \u00e8 realizzato da Terre des Hommes Italia in Libano in collaborazione con <a href=\"https:\/\/www.instagram.com\/hoopsclub.ofcl\/\" target=\"_blank\" rel=\"noopener\">Hoops Club<\/a> e finanziato da <a href=\"https:\/\/www.aics.gov.it\/\" target=\"_blank\" rel=\"noopener\">AICS<\/a>.<\/p>","_et_gb_content_width":"","footnotes":""},"categories":[16],"tags":[],"class_list":["post-7230","post","type-post","status-publish","format-standard","has-post-thumbnail","hentry","category-comunicati"],"yoast_head":"<!-- This site is optimized with the Yoast SEO plugin v21.1 - https:\/\/yoast.com\/wordpress\/plugins\/seo\/ -->\n<title>Bold is Beautiful. Benefit Cosmetics \u00e8 accanto a Terre des Hommes per l&#039;empowerment delle ragazze - Terre des Hommes Italia<\/title>\n<meta name=\"description\" content=\"Torna l&#039;iniziativa di Benefit Cosmetics che sostiene anche Terre des Hommes per favorire l&#039;empowerment di bambine e ragazze\" \/>\n<meta name=\"robots\" content=\"index, follow, max-snippet:-1, max-image-preview:large, max-video-preview:-1\" \/>\n<link rel=\"canonical\" href=\"https:\/\/terredeshommes.it\/eng\/comunicati\/bold-is-beautiful-benefit-cosmetics-e-accanto-a-terre-des-hommes-per-lempowerment-delle-ragazze\/\" \/>\n<meta property=\"og:locale\" content=\"en_US\" \/>\n<meta property=\"og:type\" content=\"article\" \/>\n<meta property=\"og:title\" content=\"Bold is Beautiful. Benefit Cosmetics \u00e8 accanto a Terre des Hommes per l&#039;empowerment delle ragazze - Terre des Hommes Italia\" \/>\n<meta property=\"og:description\" content=\"Torna l&#039;iniziativa di Benefit Cosmetics che sostiene anche Terre des Hommes per favorire l&#039;empowerment di bambine e ragazze\" \/>\n<meta property=\"og:url\" content=\"https:\/\/terredeshommes.it\/eng\/comunicati\/bold-is-beautiful-benefit-cosmetics-e-accanto-a-terre-des-hommes-per-lempowerment-delle-ragazze\/\" \/>\n<meta property=\"og:site_name\" content=\"Terre des Hommes Italia\" \/>\n<meta property=\"article:published_time\" content=\"2023-07-20T08:43:46+00:00\" \/>\n<meta property=\"article:modified_time\" content=\"2023-07-27T10:03:29+00:00\" \/>\n<meta property=\"og:image\" content=\"https:\/\/terredeshommes.it\/eng\/wp-content\/uploads\/Bold-is-beautiful-2023.jpg\" \/>\n\t<meta property=\"og:image:width\" content=\"904\" \/>\n\t<meta property=\"og:image:height\" content=\"627\" \/>\n\t<meta property=\"og:image:type\" content=\"image\/jpeg\" \/>\n<meta name=\"author\" content=\"Anna Bianchi\" \/>\n<meta name=\"twitter:card\" content=\"summary_large_image\" \/>\n<meta name=\"twitter:label1\" content=\"Written by\" \/>\n\t<meta name=\"twitter:data1\" content=\"Anna Bianchi\" \/>\n\t<meta name=\"twitter:label2\" content=\"Est. reading time\" \/>\n\t<meta name=\"twitter:data2\" content=\"1 minute\" \/>\n<script type=\"application\/ld+json\" class=\"yoast-schema-graph\">{\"@context\":\"https:\/\/schema.org\",\"@graph\":[{\"@type\":\"WebPage\",\"@id\":\"https:\/\/terredeshommes.it\/eng\/comunicati\/bold-is-beautiful-benefit-cosmetics-e-accanto-a-terre-des-hommes-per-lempowerment-delle-ragazze\/\",\"url\":\"https:\/\/terredeshommes.it\/eng\/comunicati\/bold-is-beautiful-benefit-cosmetics-e-accanto-a-terre-des-hommes-per-lempowerment-delle-ragazze\/\",\"name\":\"Bold is Beautiful. Benefit Cosmetics \u00e8 accanto a Terre des Hommes per l'empowerment delle ragazze - Terre des Hommes Italia\",\"isPartOf\":{\"@id\":\"https:\/\/terredeshommes.it\/eng\/#website\"},\"datePublished\":\"2023-07-20T08:43:46+00:00\",\"dateModified\":\"2023-07-27T10:03:29+00:00\",\"author\":{\"@id\":\"https:\/\/terredeshommes.it\/eng\/#\/schema\/person\/dbba823406adc60a974a3434150e38d5\"},\"description\":\"Torna l'iniziativa di Benefit Cosmetics che sostiene anche Terre des Hommes per favorire l'empowerment di bambine e ragazze\",\"breadcrumb\":{\"@id\":\"https:\/\/terredeshommes.it\/eng\/comunicati\/bold-is-beautiful-benefit-cosmetics-e-accanto-a-terre-des-hommes-per-lempowerment-delle-ragazze\/#breadcrumb\"},\"inLanguage\":\"en-US\",\"potentialAction\":[{\"@type\":\"ReadAction\",\"target\":[\"https:\/\/terredeshommes.it\/eng\/comunicati\/bold-is-beautiful-benefit-cosmetics-e-accanto-a-terre-des-hommes-per-lempowerment-delle-ragazze\/\"]}]},{\"@type\":\"BreadcrumbList\",\"@id\":\"https:\/\/terredeshommes.it\/eng\/comunicati\/bold-is-beautiful-benefit-cosmetics-e-accanto-a-terre-des-hommes-per-lempowerment-delle-ragazze\/#breadcrumb\",\"itemListElement\":[{\"@type\":\"ListItem\",\"position\":1,\"name\":\"Home\",\"item\":\"https:\/\/terredeshommes.it\/eng\/\"},{\"@type\":\"ListItem\",\"position\":2,\"name\":\"Bold is Beautiful. Benefit Cosmetics \u00e8 accanto a Terre des Hommes per l&#8217;empowerment delle ragazze\"}]},{\"@type\":\"WebSite\",\"@id\":\"https:\/\/terredeshommes.it\/eng\/#website\",\"url\":\"https:\/\/terredeshommes.it\/eng\/\",\"name\":\"Terre des Hommes Italia\",\"description\":\"Proteggiamo i bambini insieme\",\"potentialAction\":[{\"@type\":\"SearchAction\",\"target\":{\"@type\":\"EntryPoint\",\"urlTemplate\":\"https:\/\/terredeshommes.it\/eng\/?s={search_term_string}\"},\"query-input\":\"required name=search_term_string\"}],\"inLanguage\":\"en-US\"},{\"@type\":\"Person\",\"@id\":\"https:\/\/terredeshommes.it\/eng\/#\/schema\/person\/dbba823406adc60a974a3434150e38d5\",\"name\":\"Anna Bianchi\",\"url\":\"https:\/\/terredeshommes.it\/eng\/author\/a-bianchitdhitaly-org\/\"}]}<\/script>\n<!-- \/ Yoast SEO plugin. -->","yoast_head_json":{"title":"Bold is Beautiful. Benefit Cosmetics \u00e8 accanto a Terre des Hommes per l'empowerment delle ragazze - Terre des Hommes Italia","description":"Torna l'iniziativa di Benefit Cosmetics che sostiene anche Terre des Hommes per favorire l'empowerment di bambine e ragazze","robots":{"index":"index","follow":"follow","max-snippet":"max-snippet:-1","max-image-preview":"max-image-preview:large","max-video-preview":"max-video-preview:-1"},"canonical":"https:\/\/terredeshommes.it\/eng\/comunicati\/bold-is-beautiful-benefit-cosmetics-e-accanto-a-terre-des-hommes-per-lempowerment-delle-ragazze\/","og_locale":"en_US","og_type":"article","og_title":"Bold is Beautiful. Benefit Cosmetics \u00e8 accanto a Terre des Hommes per l'empowerment delle ragazze - Terre des Hommes Italia","og_description":"Torna l'iniziativa di Benefit Cosmetics che sostiene anche Terre des Hommes per favorire l'empowerment di bambine e ragazze","og_url":"https:\/\/terredeshommes.it\/eng\/comunicati\/bold-is-beautiful-benefit-cosmetics-e-accanto-a-terre-des-hommes-per-lempowerment-delle-ragazze\/","og_site_name":"Terre des Hommes Italia","article_published_time":"2023-07-20T08:43:46+00:00","article_modified_time":"2023-07-27T10:03:29+00:00","og_image":[{"width":904,"height":627,"url":"https:\/\/terredeshommes.it\/eng\/wp-content\/uploads\/Bold-is-beautiful-2023.jpg","type":"image\/jpeg"}],"author":"Anna Bianchi","twitter_card":"summary_large_image","twitter_misc":{"Written by":"Anna Bianchi","Est. reading time":"1 minute"},"schema":{"@context":"https:\/\/schema.org","@graph":[{"@type":"WebPage","@id":"https:\/\/terredeshommes.it\/eng\/comunicati\/bold-is-beautiful-benefit-cosmetics-e-accanto-a-terre-des-hommes-per-lempowerment-delle-ragazze\/","url":"https:\/\/terredeshommes.it\/eng\/comunicati\/bold-is-beautiful-benefit-cosmetics-e-accanto-a-terre-des-hommes-per-lempowerment-delle-ragazze\/","name":"Bold is Beautiful. Benefit Cosmetics \u00e8 accanto a Terre des Hommes per l'empowerment delle ragazze - Terre des Hommes Italia","isPartOf":{"@id":"https:\/\/terredeshommes.it\/eng\/#website"},"datePublished":"2023-07-20T08:43:46+00:00","dateModified":"2023-07-27T10:03:29+00:00","author":{"@id":"https:\/\/terredeshommes.it\/eng\/#\/schema\/person\/dbba823406adc60a974a3434150e38d5"},"description":"Torna l'iniziativa di Benefit Cosmetics che sostiene anche Terre des Hommes per favorire l'empowerment di bambine e ragazze","breadcrumb":{"@id":"https:\/\/terredeshommes.it\/eng\/comunicati\/bold-is-beautiful-benefit-cosmetics-e-accanto-a-terre-des-hommes-per-lempowerment-delle-ragazze\/#breadcrumb"},"inLanguage":"en-US","potentialAction":[{"@type":"ReadAction","target":["https:\/\/terredeshommes.it\/eng\/comunicati\/bold-is-beautiful-benefit-cosmetics-e-accanto-a-terre-des-hommes-per-lempowerment-delle-ragazze\/"]}]},{"@type":"BreadcrumbList","@id":"https:\/\/terredeshommes.it\/eng\/comunicati\/bold-is-beautiful-benefit-cosmetics-e-accanto-a-terre-des-hommes-per-lempowerment-delle-ragazze\/#breadcrumb","itemListElement":[{"@type":"ListItem","position":1,"name":"Home","item":"https:\/\/terredeshommes.it\/eng\/"},{"@type":"ListItem","position":2,"name":"Bold is Beautiful. Benefit Cosmetics \u00e8 accanto a Terre des Hommes per l&#8217;empowerment delle ragazze"}]},{"@type":"WebSite","@id":"https:\/\/terredeshommes.it\/eng\/#website","url":"https:\/\/terredeshommes.it\/eng\/","name":"Terre des Hommes Italia","description":"Proteggiamo i bambini insieme","potentialAction":[{"@type":"SearchAction","target":{"@type":"EntryPoint","urlTemplate":"https:\/\/terredeshommes.it\/eng\/?s={search_term_string}"},"query-input":"required name=search_term_string"}],"inLanguage":"en-US"},{"@type":"Person","@id":"https:\/\/terredeshommes.it\/eng\/#\/schema\/person\/dbba823406adc60a974a3434150e38d5","name":"Anna Bianchi","url":"https:\/\/terredeshommes.it\/eng\/author\/a-bianchitdhitaly-org\/"}]}},"_links":{"self":[{"href":"https:\/\/terredeshommes.it\/eng\/wp-json\/wp\/v2\/posts\/7230","targetHints":{"allow":["GET"]}}],"collection":[{"href":"https:\/\/terredeshommes.it\/eng\/wp-json\/wp\/v2\/posts"}],"about":[{"href":"https:\/\/terredeshommes.it\/eng\/wp-json\/wp\/v2\/types\/post"}],"author":[{"embeddable":true,"href":"https:\/\/terredeshommes.it\/eng\/wp-json\/wp\/v2\/users\/6"}],"replies":[{"embeddable":true,"href":"https:\/\/terredeshommes.it\/eng\/wp-json\/wp\/v2\/comments?post=7230"}],"version-history":[{"count":7,"href":"https:\/\/terredeshommes.it\/eng\/wp-json\/wp\/v2\/posts\/7230\/revisions"}],"predecessor-version":[{"id":7495,"href":"https:\/\/terredeshommes.it\/eng\/wp-json\/wp\/v2\/posts\/7230\/revisions\/7495"}],"wp:featuredmedia":[{"embeddable":true,"href":"https:\/\/terredeshommes.it\/eng\/wp-json\/wp\/v2\/media\/7233"}],"wp:attachment":[{"href":"https:\/\/terredeshommes.it\/eng\/wp-json\/wp\/v2\/media?parent=7230"}],"wp:term":[{"taxonomy":"category","embeddable":true,"href":"https:\/\/terredeshommes.it\/eng\/wp-json\/wp\/v2\/categories?post=7230"},{"taxonomy":"post_tag","embeddable":true,"href":"https:\/\/terredeshommes.it\/eng\/wp-json\/wp\/v2\/tags?post=7230"}],"curies":[{"name":"wp","href":"https:\/\/api.w.org\/{rel}","templated":true}]}}