{"id":7239,"date":"2023-07-21T11:02:29","date_gmt":"2023-07-21T09:02:29","guid":{"rendered":"https:\/\/terredeshommes.it\/?p=7239"},"modified":"2023-07-21T11:02:47","modified_gmt":"2023-07-21T09:02:47","slug":"si-conclude-igame-al-galla-con-un-concerto-allo-spazio-indifesa","status":"publish","type":"post","link":"https:\/\/terredeshommes.it\/eng\/comunicati\/si-conclude-igame-al-galla-con-un-concerto-allo-spazio-indifesa\/","title":{"rendered":"Si conclude iGame al Galla con un concerto allo spazio indifesa"},"content":{"rendered":"<p>[et_pb_section fb_built=&#8221;1&#8243; _builder_version=&#8221;4.16&#8243; global_colors_info=&#8221;{}&#8221;][et_pb_row _builder_version=&#8221;4.16&#8243; background_size=&#8221;initial&#8221; background_position=&#8221;top_left&#8221; background_repeat=&#8221;repeat&#8221; global_colors_info=&#8221;{}&#8221;][et_pb_column type=&#8221;4_4&#8243; _builder_version=&#8221;4.16&#8243; custom_padding=&#8221;|||&#8221; global_colors_info=&#8221;{}&#8221; custom_padding__hover=&#8221;|||&#8221;][et_pb_text _builder_version=&#8221;4.18.0&#8243; background_size=&#8221;initial&#8221; background_position=&#8221;top_left&#8221; background_repeat=&#8221;repeat&#8221; hover_enabled=&#8221;0&#8243; global_colors_info=&#8221;{}&#8221; sticky_enabled=&#8221;0&#8243;]<\/p>\n<p>Con il concerto degli artisti emergenti <strong>Filospada<\/strong> e <strong>Moretti<\/strong>, nella serata di <strong>gioved\u00ec 20 luglio<\/strong> alle <strong>ore 19.00<\/strong> presso l\u2019hub Spazio <strong>indifesa<\/strong> si conclude il progetto <strong>iGame al Galla<\/strong>, che ha animato il Gallaratese con tante nuove proposte formative e ricreative per i ragazzi e le ragazze e le famiglie del quartiere.<\/p>\n<p>Ad ospitare il palinsesto <strong>l\u2019Hub Spazio indifesa<\/strong>, gestito da <strong>Terre des Hommes<\/strong> in collaborazione con <strong>Croce Rossa e IBVA<\/strong>, che \u00e8 diventato luogo di incontro, svago e socializzazione per gli adolescenti che hanno potuto usufruire di spazi e strumenti dedicati a corsi di formazione, ma anche divertirsi durante eventi pre-serali e serali.<\/p>\n<p><strong>iGame al Galla<\/strong> \u00e8 un progetto finanziato grazie al <strong>crowdfunding civico<\/strong> lanciato dal <strong>comune di Milano<\/strong> lo scorso novembre, che ha permesso a Terre des Hommes di ampliare gli spazi dell\u2019Hub e arredarli adeguatamente per ospitare le attivit\u00e0 formative nonch\u00e9 di coinvolgere diverse realt\u00e0 per elaborare un ricco palinsesto di attivit\u00e0 che hanno preso il via nel mese di febbraio e si concludono proprio domani sera.<\/p>\n<p>Grazie alla rete di partner composta da <strong>Arg\u00f2t, Cas\u00e0 delle attivit\u00e0 ETS, IBVA, Stag, One day group \u2013 Scuolazoo &#8211; Weroad \u2013 Mambo, Yunik, Comunit\u00e0 Progetto, Shareradio\u202fe Manitu Studio<\/strong>, nei 6 mesi appena trascorsi sono stati realizzati <strong>6 corsi formativi<\/strong> (teatro, produzione cinematografica, web radio, podcasting, professioni digitali, corso sulla cittadinanza) che hanno coinvolto <strong>oltre 80 adolescenti<\/strong> dagli 11 ai 18 anni.<\/p>\n<p>Inoltre, nelle sale e nel cortile dello Spazio indifesa sono stati organizzati <strong>6 <\/strong>appuntamenti di <strong>cineforum<\/strong>, che hanno incluso una coprogettazione con i ragazzi per la scelta dei film; <strong>4<\/strong> spettacoli di <strong>teatro senza parole<\/strong>, intrattenimento accessibile a tutti superando le barriere linguistiche; <strong>5 concerti<\/strong> preceduti da sessione di palco aperto a disposizione dei giovani musicisti emergenti. Questi eventi hanno registrato circa <strong>un migliaio di presenze in totale. <\/strong><\/p>\n<p>Durante iGame al Galla all\u2019interno degli spazi di Terre des Hommes si \u00e8 svolto anche l\u2019Hackaton <strong>\u201cHack for food Hack for good\u201d<\/strong>, realizzato in collaborazione con Open Dot per supportare gli hub di quartiere contro lo spreco alimentare con nuove idee innovative.<\/p>\n<p><strong>\u00a0\u201c<\/strong><em>Nel quartiere Gallaratese \u00e8 evidente la mancanza di luoghi a misura di ragazzi e ragazze. Grazie all\u2019opportunit\u00e0 del crowdfunding del comune di Milano e grazie alla generosit\u00e0 di tutti coloro che hanno creduto nel nostro progetto e hanno voluto contribuire, siamo riusciti a offrire nuove proposte a questi adolescenti e a rinnovare ulteriormente lo spazio indifesa per renderlo un punto di riferimento per socializzare e divertirsi, uno spazio bello e sicuro dove ragazzi e ragazze possono esprimere s\u00e9 stessi e sviluppare i propri talenti.\u201d <\/em><strong>Paolo Ferrara, Direttore Generale di Terre des Hommes <\/strong><em>\u201cSiamo consapevoli che questo \u00e8 solo l\u2019inizio, lavorare per e con gli adolescenti implica soprattutto la costruzione di un percorso di fiducia, che richiede tempo, ma noi non ci fermiamo e continueremo a rilanciare nuove iniziative per loro\u201d. <\/em><\/p>\n<p>Il prossimo appuntamento \u00e8 gi\u00e0 in calendario, infatti, il <strong>17 settembre<\/strong> l\u2019Hub Spazio indifesa sar\u00e0 la cornice dello <strong>Sport City Day di Milano<\/strong>, l\u2019evento nazionale per la promozione dello Sport in Citt\u00e0. Una giornata dedicata alla promozione dello sport, dell\u2019attivit\u00e0 all\u2019area aperta e delle associazioni sportive locali.<\/p>\n<p>Il progetto iGame al Galla \u00e8 stato sostenuto anche da <strong>Tangoo, RGI Group, Esselunga, Fondazione\u00a0<\/strong><strong>Eos \u2013 Edison Orizzonte Sociale, Bic\u00a0e Benefit Cosmetics. <\/strong><\/p>\n<p>Il progetto iGame al Galla si inserisce nella pi\u00f9 ampia cornice dell\u2019Hub Spazio indifesa, che fa parte della rete di Hub di quartiere contro lo spreco alimentare ideata dalla Foodpolicy del Comune di Milano. L\u2019Hub indifesa \u00e8 gestito da Terre des Hommes in collaborazione con IBVA e Croce Rossa, Comitato di Milano. Nei tre anni di attivit\u00e0 l\u2019Hub Spazio indifesa ha progressivamente ampliato i suoi servizi realizzati in collaborazione con una rete di organizzazioni territoriali garantendo alle famiglie pi\u00f9 vulnerabili del territorio distribuzione di beni alimentari e beni di prima necessit\u00e0, ma anche servizi alla persona per la famiglie con bambini e bambine tra cui supporto piscologico, percorsi di orientamento lavorativo, corsi di italiano per mamme straniere, spazio bimbi per i pi\u00f9 piccoli, spazio compiti, campus estivi attivit\u00e0 di accoglienza e mediazione culturale per i rifugiati ucraini e con iGAME al galla attivit\u00e0 formative e ricreativi per gli adolescenti.<\/p>\n<p>[\/et_pb_text][\/et_pb_column][\/et_pb_row][\/et_pb_section]<\/p>\n","protected":false},"excerpt":{"rendered":"<p>Con il concerto degli artisti emergenti Filospada e Moretti, nella serata di gioved\u00ec 20 luglio alle ore 19.00 presso l\u2019hub Spazio indifesa si conclude il progetto iGame al Galla, che ha animato il Gallaratese con tante nuove proposte formative e ricreative per i ragazzi e le ragazze e le famiglie del quartiere. Ad ospitare il [&hellip;]<\/p>\n","protected":false},"author":6,"featured_media":7254,"comment_status":"closed","ping_status":"closed","sticky":false,"template":"","format":"standard","meta":{"_et_pb_use_builder":"on","_et_pb_old_content":"<p>Tra poco saranno 11 gli anni che Mira festegger\u00e0, ma quest\u2019anno il suo compleanno promette di essere un\u2019occasione di festa pi\u00f9 grande del passato.<br \/><strong>Mira \u00e8 una bambina siriana rifugiata<\/strong> con la sua famiglia a Byblos, in Libano, <strong>ed \u00e8 nata con una disabilit\u00e0 fisica<\/strong> che le impedisce salire le scale e che le provoca una notevole zoppia mentre cammina.<br \/>Finora <strong>questa condizione le ha reso pi\u00f9 difficile frequentare la scuola e partecipare alle attivit\u00e0 con gli altri bambini<\/strong>.<br \/>A causa della sua disabilit\u00e0 <strong>nella scuola precedente aveva subito episodi di bullismo, che avevano ulteriormente compromesso la sua autostima<\/strong>.<\/p><h2>Uno spazio protetto dal bullismo<\/h2><p>Tuttavia, <strong>le cose sono cambiate quando ha cominciato a frequentare i corsi di alfabetizzazione e aritmetica di base offerti dal progetto Redeem<\/strong> di Terre des Hommes Italia con fondi dell\u2019<a href=\"https:\/\/www.aics.gov.it\/\" target=\"_blank\" rel=\"noopener\">Agenzia Italiana per la Cooperazione allo sviluppo<\/a>.<br \/><strong>Nel centro educativo ha trovato uno spazio protetto e inclusivo<\/strong>, dove gli operatori hanno seguito da vicino lei e i suoi genitori per capire quali fossero effettivamente le esigenze di Mira.<\/p><p><strong>Quando Mira ha espresso i suoi timori di essere di nuovo bullizzata, sono state intraprese azioni immediate e sono state organizzate sessioni di sensibilizzazione su questo tema con tutti i suoi compagni.<\/strong> Ci\u00f2 ha avuto un ruolo fondamentale nel rafforzare la sua fiducia in se stessa.<br \/>Le \u00e8 stato assicurato che <strong>il centro \u00e8 uno spazio sicuro dove potersi esprimersi e dove la sua disabilit\u00e0 non sar\u00e0 d\u2019ostacolo per partecipare a tutte le attivit\u00e0 e a interagire con i suoi coetanei<\/strong>.<\/p><h2>Una chance educativa anche per la mamma<\/h2><p>Ma non basta. <strong>Gli operatori del progetto hanno pensato di dare un\u2019opportunit\u00e0 di formazione alla madre di Mira<\/strong> e dei suoi 6 fratelli, <strong>Alya. <\/strong><\/p><p><strong>Prima la donna non aveva mai frequentato la scuola e raramente si avventurava fuori casa<\/strong>. Adesso Alya partecipa al programma di alfabetizzazione per adulti e perci\u00f2 ha iniziato a frequentare lo stesso centro della figlia.<\/p><p><img class=\"alignnone size-large wp-image-6862\" src=\"https:\/\/terredeshommes.it\/eng\/wp-content\/uploads\/AICS-REDEEM-Adult-Literacy-June-2023-1-1024x575.jpg\" alt=\"\" width=\"1024\" height=\"575\" \/><br \/><strong>In questo modo ha la possibilit\u00e0 di imparare le lingue e di confrontarsi con gli altri genitori della classe<\/strong>. Anche i trasporti per arrivare al centro sono forniti dal progetto.<\/p><p>\u201c<em>Mira adesso \u00e8 visibilmente pi\u00f9 sicura di s\u00e9 ed \u00e8 molto felice di andare al centro. Anch\u2019io posso dire lo stesso, <strong>sento che sto partecipando attivamente all\u2019educazione di mia figlia<\/strong>, anche attraverso il corso per adulti, che mi ha fatto conoscere tante donne nella mia stessa condizione<\/em>\u201d, ci ha detto la madre. \u201c<em>Insomma n\u00e9 l\u2019et\u00e0 n\u00e9 la disabilit\u00e0 sono dei veri ostacoli per per migliorare la propria istruzione<\/em>\u201d<\/p><p>Il progetto \"<strong>Redeem: Rafforzare i meccanismi educativi, di protezione e di empowerment comunitario nelle aree vulnerabili del Monte Libano<\/strong>\", ha coinvolto <strong>pi\u00f9 di 150 bambini e 75 genitori <\/strong>in attivit\u00e0 educative con l'obiettivo di fornire ai bambini le competenze fondamentali di lettura e scrittura e aiutare i genitori a contribuire attivamente al loro percorso educativo.<br \/>Il progetto \u00e8 realizzato da Terre des Hommes Italia in Libano in collaborazione con <a href=\"https:\/\/www.instagram.com\/hoopsclub.ofcl\/\" target=\"_blank\" rel=\"noopener\">Hoops Club<\/a> e finanziato da <a href=\"https:\/\/www.aics.gov.it\/\" target=\"_blank\" rel=\"noopener\">AICS<\/a>.<\/p>","_et_gb_content_width":"","footnotes":""},"categories":[16],"tags":[],"class_list":["post-7239","post","type-post","status-publish","format-standard","has-post-thumbnail","hentry","category-comunicati"],"yoast_head":"<!-- This site is optimized with the Yoast SEO plugin v21.1 - https:\/\/yoast.com\/wordpress\/plugins\/seo\/ -->\n<title>Si conclude iGame al Galla con un concerto allo spazio indifesa - Terre des Hommes Italia<\/title>\n<meta name=\"description\" content=\"Il progetto di Terre des Hommes ha offerto nuovi spazi di aggregazione, formazione e divertimento agli adolescenti del quartiere Gallaraltese\" \/>\n<meta name=\"robots\" content=\"index, follow, max-snippet:-1, max-image-preview:large, max-video-preview:-1\" \/>\n<link rel=\"canonical\" href=\"https:\/\/terredeshommes.it\/eng\/comunicati\/si-conclude-igame-al-galla-con-un-concerto-allo-spazio-indifesa\/\" \/>\n<meta property=\"og:locale\" content=\"en_US\" \/>\n<meta property=\"og:type\" content=\"article\" \/>\n<meta property=\"og:title\" content=\"Si conclude iGame al Galla con un concerto allo spazio indifesa - Terre des Hommes Italia\" \/>\n<meta property=\"og:description\" content=\"Il progetto di Terre des Hommes ha offerto nuovi spazi di aggregazione, formazione e divertimento agli adolescenti del quartiere Gallaraltese\" \/>\n<meta property=\"og:url\" content=\"https:\/\/terredeshommes.it\/eng\/comunicati\/si-conclude-igame-al-galla-con-un-concerto-allo-spazio-indifesa\/\" \/>\n<meta property=\"og:site_name\" content=\"Terre des Hommes Italia\" \/>\n<meta property=\"article:published_time\" content=\"2023-07-21T09:02:29+00:00\" \/>\n<meta property=\"article:modified_time\" content=\"2023-07-21T09:02:47+00:00\" \/>\n<meta property=\"og:image\" content=\"https:\/\/terredeshommes.it\/eng\/wp-content\/uploads\/Concertoindifesa20-lug.jpg\" \/>\n\t<meta property=\"og:image:width\" content=\"1241\" \/>\n\t<meta property=\"og:image:height\" content=\"1755\" \/>\n\t<meta property=\"og:image:type\" content=\"image\/jpeg\" \/>\n<meta name=\"author\" content=\"Anna Bianchi\" \/>\n<meta name=\"twitter:card\" content=\"summary_large_image\" \/>\n<meta name=\"twitter:label1\" content=\"Written by\" \/>\n\t<meta name=\"twitter:data1\" content=\"Anna Bianchi\" \/>\n\t<meta name=\"twitter:label2\" content=\"Est. reading time\" \/>\n\t<meta name=\"twitter:data2\" content=\"3 minutes\" \/>\n<script type=\"application\/ld+json\" class=\"yoast-schema-graph\">{\"@context\":\"https:\/\/schema.org\",\"@graph\":[{\"@type\":\"WebPage\",\"@id\":\"https:\/\/terredeshommes.it\/eng\/comunicati\/si-conclude-igame-al-galla-con-un-concerto-allo-spazio-indifesa\/\",\"url\":\"https:\/\/terredeshommes.it\/eng\/comunicati\/si-conclude-igame-al-galla-con-un-concerto-allo-spazio-indifesa\/\",\"name\":\"Si conclude iGame al Galla con un concerto allo spazio indifesa - Terre des Hommes Italia\",\"isPartOf\":{\"@id\":\"https:\/\/terredeshommes.it\/eng\/#website\"},\"datePublished\":\"2023-07-21T09:02:29+00:00\",\"dateModified\":\"2023-07-21T09:02:47+00:00\",\"author\":{\"@id\":\"https:\/\/terredeshommes.it\/eng\/#\/schema\/person\/dbba823406adc60a974a3434150e38d5\"},\"description\":\"Il progetto di Terre des Hommes ha offerto nuovi spazi di aggregazione, formazione e divertimento agli adolescenti del quartiere Gallaraltese\",\"breadcrumb\":{\"@id\":\"https:\/\/terredeshommes.it\/eng\/comunicati\/si-conclude-igame-al-galla-con-un-concerto-allo-spazio-indifesa\/#breadcrumb\"},\"inLanguage\":\"en-US\",\"potentialAction\":[{\"@type\":\"ReadAction\",\"target\":[\"https:\/\/terredeshommes.it\/eng\/comunicati\/si-conclude-igame-al-galla-con-un-concerto-allo-spazio-indifesa\/\"]}]},{\"@type\":\"BreadcrumbList\",\"@id\":\"https:\/\/terredeshommes.it\/eng\/comunicati\/si-conclude-igame-al-galla-con-un-concerto-allo-spazio-indifesa\/#breadcrumb\",\"itemListElement\":[{\"@type\":\"ListItem\",\"position\":1,\"name\":\"Home\",\"item\":\"https:\/\/terredeshommes.it\/eng\/\"},{\"@type\":\"ListItem\",\"position\":2,\"name\":\"Si conclude iGame al Galla con un concerto allo spazio indifesa\"}]},{\"@type\":\"WebSite\",\"@id\":\"https:\/\/terredeshommes.it\/eng\/#website\",\"url\":\"https:\/\/terredeshommes.it\/eng\/\",\"name\":\"Terre des Hommes Italia\",\"description\":\"Proteggiamo i bambini insieme\",\"potentialAction\":[{\"@type\":\"SearchAction\",\"target\":{\"@type\":\"EntryPoint\",\"urlTemplate\":\"https:\/\/terredeshommes.it\/eng\/?s={search_term_string}\"},\"query-input\":\"required name=search_term_string\"}],\"inLanguage\":\"en-US\"},{\"@type\":\"Person\",\"@id\":\"https:\/\/terredeshommes.it\/eng\/#\/schema\/person\/dbba823406adc60a974a3434150e38d5\",\"name\":\"Anna Bianchi\",\"url\":\"https:\/\/terredeshommes.it\/eng\/author\/a-bianchitdhitaly-org\/\"}]}<\/script>\n<!-- \/ Yoast SEO plugin. -->","yoast_head_json":{"title":"Si conclude iGame al Galla con un concerto allo spazio indifesa - Terre des Hommes Italia","description":"Il progetto di Terre des Hommes ha offerto nuovi spazi di aggregazione, formazione e divertimento agli adolescenti del quartiere Gallaraltese","robots":{"index":"index","follow":"follow","max-snippet":"max-snippet:-1","max-image-preview":"max-image-preview:large","max-video-preview":"max-video-preview:-1"},"canonical":"https:\/\/terredeshommes.it\/eng\/comunicati\/si-conclude-igame-al-galla-con-un-concerto-allo-spazio-indifesa\/","og_locale":"en_US","og_type":"article","og_title":"Si conclude iGame al Galla con un concerto allo spazio indifesa - Terre des Hommes Italia","og_description":"Il progetto di Terre des Hommes ha offerto nuovi spazi di aggregazione, formazione e divertimento agli adolescenti del quartiere Gallaraltese","og_url":"https:\/\/terredeshommes.it\/eng\/comunicati\/si-conclude-igame-al-galla-con-un-concerto-allo-spazio-indifesa\/","og_site_name":"Terre des Hommes Italia","article_published_time":"2023-07-21T09:02:29+00:00","article_modified_time":"2023-07-21T09:02:47+00:00","og_image":[{"width":1241,"height":1755,"url":"https:\/\/terredeshommes.it\/eng\/wp-content\/uploads\/Concertoindifesa20-lug.jpg","type":"image\/jpeg"}],"author":"Anna Bianchi","twitter_card":"summary_large_image","twitter_misc":{"Written by":"Anna Bianchi","Est. reading time":"3 minutes"},"schema":{"@context":"https:\/\/schema.org","@graph":[{"@type":"WebPage","@id":"https:\/\/terredeshommes.it\/eng\/comunicati\/si-conclude-igame-al-galla-con-un-concerto-allo-spazio-indifesa\/","url":"https:\/\/terredeshommes.it\/eng\/comunicati\/si-conclude-igame-al-galla-con-un-concerto-allo-spazio-indifesa\/","name":"Si conclude iGame al Galla con un concerto allo spazio indifesa - Terre des Hommes Italia","isPartOf":{"@id":"https:\/\/terredeshommes.it\/eng\/#website"},"datePublished":"2023-07-21T09:02:29+00:00","dateModified":"2023-07-21T09:02:47+00:00","author":{"@id":"https:\/\/terredeshommes.it\/eng\/#\/schema\/person\/dbba823406adc60a974a3434150e38d5"},"description":"Il progetto di Terre des Hommes ha offerto nuovi spazi di aggregazione, formazione e divertimento agli adolescenti del quartiere Gallaraltese","breadcrumb":{"@id":"https:\/\/terredeshommes.it\/eng\/comunicati\/si-conclude-igame-al-galla-con-un-concerto-allo-spazio-indifesa\/#breadcrumb"},"inLanguage":"en-US","potentialAction":[{"@type":"ReadAction","target":["https:\/\/terredeshommes.it\/eng\/comunicati\/si-conclude-igame-al-galla-con-un-concerto-allo-spazio-indifesa\/"]}]},{"@type":"BreadcrumbList","@id":"https:\/\/terredeshommes.it\/eng\/comunicati\/si-conclude-igame-al-galla-con-un-concerto-allo-spazio-indifesa\/#breadcrumb","itemListElement":[{"@type":"ListItem","position":1,"name":"Home","item":"https:\/\/terredeshommes.it\/eng\/"},{"@type":"ListItem","position":2,"name":"Si conclude iGame al Galla con un concerto allo spazio indifesa"}]},{"@type":"WebSite","@id":"https:\/\/terredeshommes.it\/eng\/#website","url":"https:\/\/terredeshommes.it\/eng\/","name":"Terre des Hommes Italia","description":"Proteggiamo i bambini insieme","potentialAction":[{"@type":"SearchAction","target":{"@type":"EntryPoint","urlTemplate":"https:\/\/terredeshommes.it\/eng\/?s={search_term_string}"},"query-input":"required name=search_term_string"}],"inLanguage":"en-US"},{"@type":"Person","@id":"https:\/\/terredeshommes.it\/eng\/#\/schema\/person\/dbba823406adc60a974a3434150e38d5","name":"Anna Bianchi","url":"https:\/\/terredeshommes.it\/eng\/author\/a-bianchitdhitaly-org\/"}]}},"_links":{"self":[{"href":"https:\/\/terredeshommes.it\/eng\/wp-json\/wp\/v2\/posts\/7239","targetHints":{"allow":["GET"]}}],"collection":[{"href":"https:\/\/terredeshommes.it\/eng\/wp-json\/wp\/v2\/posts"}],"about":[{"href":"https:\/\/terredeshommes.it\/eng\/wp-json\/wp\/v2\/types\/post"}],"author":[{"embeddable":true,"href":"https:\/\/terredeshommes.it\/eng\/wp-json\/wp\/v2\/users\/6"}],"replies":[{"embeddable":true,"href":"https:\/\/terredeshommes.it\/eng\/wp-json\/wp\/v2\/comments?post=7239"}],"version-history":[{"count":4,"href":"https:\/\/terredeshommes.it\/eng\/wp-json\/wp\/v2\/posts\/7239\/revisions"}],"predecessor-version":[{"id":7255,"href":"https:\/\/terredeshommes.it\/eng\/wp-json\/wp\/v2\/posts\/7239\/revisions\/7255"}],"wp:featuredmedia":[{"embeddable":true,"href":"https:\/\/terredeshommes.it\/eng\/wp-json\/wp\/v2\/media\/7254"}],"wp:attachment":[{"href":"https:\/\/terredeshommes.it\/eng\/wp-json\/wp\/v2\/media?parent=7239"}],"wp:term":[{"taxonomy":"category","embeddable":true,"href":"https:\/\/terredeshommes.it\/eng\/wp-json\/wp\/v2\/categories?post=7239"},{"taxonomy":"post_tag","embeddable":true,"href":"https:\/\/terredeshommes.it\/eng\/wp-json\/wp\/v2\/tags?post=7239"}],"curies":[{"name":"wp","href":"https:\/\/api.w.org\/{rel}","templated":true}]}}