{"id":7488,"date":"2023-07-24T12:24:58","date_gmt":"2023-07-24T10:24:58","guid":{"rendered":"https:\/\/terredeshommes.it\/?p=7488"},"modified":"2023-07-24T12:58:45","modified_gmt":"2023-07-24T10:58:45","slug":"invisibile-agli-occhi-ai-campionati-mondiali-di-scherma-milano-2023","status":"publish","type":"post","link":"https:\/\/terredeshommes.it\/eng\/comunicati\/invisibile-agli-occhi-ai-campionati-mondiali-di-scherma-milano-2023\/","title":{"rendered":"Invisibile agli occhi ai Campionati Mondiali di Scherma \u201cMilano 2023\u201d"},"content":{"rendered":"<p>[et_pb_section fb_built=&#8221;1&#8243; _builder_version=&#8221;4.16&#8243; global_colors_info=&#8221;{}&#8221;][et_pb_row _builder_version=&#8221;4.16&#8243; background_size=&#8221;initial&#8221; background_position=&#8221;top_left&#8221; background_repeat=&#8221;repeat&#8221; global_colors_info=&#8221;{}&#8221;][et_pb_column type=&#8221;4_4&#8243; _builder_version=&#8221;4.16&#8243; custom_padding=&#8221;|||&#8221; global_colors_info=&#8221;{}&#8221; custom_padding__hover=&#8221;|||&#8221;][et_pb_text _builder_version=&#8221;4.18.0&#8243; background_size=&#8221;initial&#8221; background_position=&#8221;top_left&#8221; background_repeat=&#8221;repeat&#8221; global_colors_info=&#8221;{}&#8221;]<\/p>\n<p>La campagna <a href=\"https:\/\/www.invisibileagliocchi.org\/\" target=\"_blank\" rel=\"noopener\"><strong>Invisibile agli occhi<\/strong><\/a>\u00a0 contro l\u2019abuso sui minori, ideata e realizzata da <strong>CNR IRIB<\/strong>, <strong>Societ\u00e0 Italiana di Pediatria<\/strong> (SIP) e <strong>Terre des Hommes<\/strong> e sostenuta dall\u2019<strong>Istituto Italiano di Cultura di New York<\/strong>, verr\u00e0 presentata il <strong>25 luglio alle ore 20.45<\/strong> in occasione dei <strong>Campionati Mondiali di Scherma \u201cMilano 2023\u201d<\/strong>, presso la struttura \u201cCasa Italia\u201d durante la serata dedicata a commentare gli incontri di scherma e a presentare gli ospiti.<\/p>\n<h3>LA CAMPAGNA INVISIBILE AGLI OCCHI PER SENSIBILIZZARE PUBBLICO E ISTITUZIONI<\/h3>\n<p>La violenza sui minori \u00e8 una tra le pi\u00f9 gravi emergenze umanitarie degli ultimi decenni, anche nei paesi pi\u00f9 industrializzati. I danni del minore che viene abusato sono devastanti, con conseguenze a breve e a lungo termine sia per la salute fisica sia per quella mentale.<\/p>\n<p>Per contrastare questo fenomeno l\u2019Istituto per la ricerca e l\u2019innovazione biomedica del Cnr, la Societ\u00e0 Italiana di Pediatria e Fondazione Terre des Hommes Italia nel 2022 hanno avviato in Italia la campagna di informazione e sensibilizzazione dal titolo \u2018Invisibile agli occhi\u2019, per rendere partecipe l\u2019opinione pubblica della gravit\u00e0 del problema.<\/p>\n<p>Successivamente, nel mese di <strong>Giugno del 2023<\/strong>, la campagna \u00e8 stata estesa negli <strong>Stati Unit<\/strong>i e presentata all\u2019<strong>Istituto Italiano di Cultura di New York<\/strong>, con il patrocinio della Presidenza del Consiglio dei Ministri e di prestigiosi Enti Istituzionali, Societ\u00e0 Scientifiche e Fondazioni sensibili ai temi sociali.<\/p>\n<h3>La campagna invisibili agli occhi ai mondiali di scherma di Milano\u00a0<\/h3>\n<p>La presentazione di questa iniziativa a <strong>Milano,<\/strong> il <strong>25 luglio<\/strong>, alle <strong>ore 20.45<\/strong>, presso \u00a0Casa Italia, \u00a0Piazza Sempione Arco della Pace, in occasione dei <strong>Campionati Mondiali di Scherma<\/strong>, prestigiosissimo evento internazionale, contribuisce a diffondere ulteriormente un importante messaggio di sensibilizzazione, con notevoli riverberi sociali e mediatici a vantaggio della prevenzione della violenza e degli abusi sui minori.<\/p>\n<p>La campagna veicola un messaggio sociale tramite <a href=\"https:\/\/www.youtube.com\/watch?v=pgiAq0IYODo&amp;t=2s\" target=\"_blank\" rel=\"noopener\"><strong>uno spot video<\/strong><\/a> che, nel territorio nazionale, \u00e8 stato gi\u00e0 trasmesso sui maxischermi degli stadi in occasione delle partite di calcio della <strong>Lega Calcio Serie A<\/strong>, schermi aeroportuali e maxi schermi urbani. Negli Stati Uniti, lo spot video \u00e8 stato trasmesso tramite alcuni <strong>maxischermi della citt\u00e0 di New York<\/strong> (Times Square) e schermi digitali all\u2019interno di alcune strutture ospedaliere americane.<\/p>\n<p>La realizzazione della campagna di informazione e sensibilizzazione contro gli abusi sui minori, espressione di una proficua collaborazione tra enti pubblici di ricerca, universit\u00e0, societ\u00e0 mediche e fondazioni, rappresenta un ulteriore motivo di riconoscimento delle attivit\u00e0 di terza missione del nostro Paese.<\/p>\n<p>[\/et_pb_text][\/et_pb_column][\/et_pb_row][\/et_pb_section]<\/p>\n","protected":false},"excerpt":{"rendered":"<p>La campagna Invisibile agli occhi\u00a0 contro l\u2019abuso sui minori, ideata e realizzata da CNR IRIB, Societ\u00e0 Italiana di Pediatria (SIP) e Terre des Hommes e sostenuta dall\u2019Istituto Italiano di Cultura di New York, verr\u00e0 presentata il 25 luglio alle ore 20.45 in occasione dei Campionati Mondiali di Scherma \u201cMilano 2023\u201d, presso la struttura \u201cCasa Italia\u201d [&hellip;]<\/p>\n","protected":false},"author":6,"featured_media":3558,"comment_status":"closed","ping_status":"closed","sticky":false,"template":"","format":"standard","meta":{"_et_pb_use_builder":"on","_et_pb_old_content":"<p>Tra poco saranno 11 gli anni che Mira festegger\u00e0, ma quest\u2019anno il suo compleanno promette di essere un\u2019occasione di festa pi\u00f9 grande del passato.<br \/><strong>Mira \u00e8 una bambina siriana rifugiata<\/strong> con la sua famiglia a Byblos, in Libano, <strong>ed \u00e8 nata con una disabilit\u00e0 fisica<\/strong> che le impedisce salire le scale e che le provoca una notevole zoppia mentre cammina.<br \/>Finora <strong>questa condizione le ha reso pi\u00f9 difficile frequentare la scuola e partecipare alle attivit\u00e0 con gli altri bambini<\/strong>.<br \/>A causa della sua disabilit\u00e0 <strong>nella scuola precedente aveva subito episodi di bullismo, che avevano ulteriormente compromesso la sua autostima<\/strong>.<\/p><h2>Uno spazio protetto dal bullismo<\/h2><p>Tuttavia, <strong>le cose sono cambiate quando ha cominciato a frequentare i corsi di alfabetizzazione e aritmetica di base offerti dal progetto Redeem<\/strong> di Terre des Hommes Italia con fondi dell\u2019<a href=\"https:\/\/www.aics.gov.it\/\" target=\"_blank\" rel=\"noopener\">Agenzia Italiana per la Cooperazione allo sviluppo<\/a>.<br \/><strong>Nel centro educativo ha trovato uno spazio protetto e inclusivo<\/strong>, dove gli operatori hanno seguito da vicino lei e i suoi genitori per capire quali fossero effettivamente le esigenze di Mira.<\/p><p><strong>Quando Mira ha espresso i suoi timori di essere di nuovo bullizzata, sono state intraprese azioni immediate e sono state organizzate sessioni di sensibilizzazione su questo tema con tutti i suoi compagni.<\/strong> Ci\u00f2 ha avuto un ruolo fondamentale nel rafforzare la sua fiducia in se stessa.<br \/>Le \u00e8 stato assicurato che <strong>il centro \u00e8 uno spazio sicuro dove potersi esprimersi e dove la sua disabilit\u00e0 non sar\u00e0 d\u2019ostacolo per partecipare a tutte le attivit\u00e0 e a interagire con i suoi coetanei<\/strong>.<\/p><h2>Una chance educativa anche per la mamma<\/h2><p>Ma non basta. <strong>Gli operatori del progetto hanno pensato di dare un\u2019opportunit\u00e0 di formazione alla madre di Mira<\/strong> e dei suoi 6 fratelli, <strong>Alya. <\/strong><\/p><p><strong>Prima la donna non aveva mai frequentato la scuola e raramente si avventurava fuori casa<\/strong>. Adesso Alya partecipa al programma di alfabetizzazione per adulti e perci\u00f2 ha iniziato a frequentare lo stesso centro della figlia.<\/p><p><img class=\"alignnone size-large wp-image-6862\" src=\"https:\/\/terredeshommes.it\/eng\/wp-content\/uploads\/AICS-REDEEM-Adult-Literacy-June-2023-1-1024x575.jpg\" alt=\"\" width=\"1024\" height=\"575\" \/><br \/><strong>In questo modo ha la possibilit\u00e0 di imparare le lingue e di confrontarsi con gli altri genitori della classe<\/strong>. Anche i trasporti per arrivare al centro sono forniti dal progetto.<\/p><p>\u201c<em>Mira adesso \u00e8 visibilmente pi\u00f9 sicura di s\u00e9 ed \u00e8 molto felice di andare al centro. Anch\u2019io posso dire lo stesso, <strong>sento che sto partecipando attivamente all\u2019educazione di mia figlia<\/strong>, anche attraverso il corso per adulti, che mi ha fatto conoscere tante donne nella mia stessa condizione<\/em>\u201d, ci ha detto la madre. \u201c<em>Insomma n\u00e9 l\u2019et\u00e0 n\u00e9 la disabilit\u00e0 sono dei veri ostacoli per per migliorare la propria istruzione<\/em>\u201d<\/p><p>Il progetto \"<strong>Redeem: Rafforzare i meccanismi educativi, di protezione e di empowerment comunitario nelle aree vulnerabili del Monte Libano<\/strong>\", ha coinvolto <strong>pi\u00f9 di 150 bambini e 75 genitori <\/strong>in attivit\u00e0 educative con l'obiettivo di fornire ai bambini le competenze fondamentali di lettura e scrittura e aiutare i genitori a contribuire attivamente al loro percorso educativo.<br \/>Il progetto \u00e8 realizzato da Terre des Hommes Italia in Libano in collaborazione con <a href=\"https:\/\/www.instagram.com\/hoopsclub.ofcl\/\" target=\"_blank\" rel=\"noopener\">Hoops Club<\/a> e finanziato da <a href=\"https:\/\/www.aics.gov.it\/\" target=\"_blank\" rel=\"noopener\">AICS<\/a>.<\/p>","_et_gb_content_width":"","footnotes":""},"categories":[16],"tags":[],"class_list":["post-7488","post","type-post","status-publish","format-standard","has-post-thumbnail","hentry","category-comunicati"],"yoast_head":"<!-- This site is optimized with the Yoast SEO plugin v21.1 - https:\/\/yoast.com\/wordpress\/plugins\/seo\/ -->\n<title>Invisibile agli occhi ai Campionati Mondiali di Scherma \u201cMilano 2023\u201d<\/title>\n<meta name=\"description\" content=\"La campagna di sensibilizzazione contro l\u2019abuso sui minori verr\u00e0 presentata il 25 luglio alle 20.45 presso &quot;Casa Italia&quot;\" \/>\n<meta name=\"robots\" content=\"index, follow, max-snippet:-1, max-image-preview:large, max-video-preview:-1\" \/>\n<link rel=\"canonical\" href=\"https:\/\/terredeshommes.it\/eng\/comunicati\/invisibile-agli-occhi-ai-campionati-mondiali-di-scherma-milano-2023\/\" \/>\n<meta property=\"og:locale\" content=\"en_US\" \/>\n<meta property=\"og:type\" content=\"article\" \/>\n<meta property=\"og:title\" content=\"Invisibile agli occhi ai Campionati Mondiali di Scherma \u201cMilano 2023\u201d\" \/>\n<meta property=\"og:description\" content=\"La campagna di sensibilizzazione contro l\u2019abuso sui minori verr\u00e0 presentata il 25 luglio alle 20.45 presso &quot;Casa Italia&quot;\" \/>\n<meta property=\"og:url\" content=\"https:\/\/terredeshommes.it\/eng\/comunicati\/invisibile-agli-occhi-ai-campionati-mondiali-di-scherma-milano-2023\/\" \/>\n<meta property=\"og:site_name\" content=\"Terre des Hommes Italia\" \/>\n<meta property=\"article:published_time\" content=\"2023-07-24T10:24:58+00:00\" \/>\n<meta property=\"article:modified_time\" content=\"2023-07-24T10:58:45+00:00\" \/>\n<meta property=\"og:image\" content=\"https:\/\/terredeshommes.it\/eng\/wp-content\/uploads\/home-tdh-viol.jpg\" \/>\n\t<meta property=\"og:image:width\" content=\"1920\" \/>\n\t<meta property=\"og:image:height\" content=\"760\" \/>\n\t<meta property=\"og:image:type\" content=\"image\/jpeg\" \/>\n<meta name=\"author\" content=\"Anna Bianchi\" \/>\n<meta name=\"twitter:card\" content=\"summary_large_image\" \/>\n<meta name=\"twitter:label1\" content=\"Written by\" \/>\n\t<meta name=\"twitter:data1\" content=\"Anna Bianchi\" \/>\n\t<meta name=\"twitter:label2\" content=\"Est. reading time\" \/>\n\t<meta name=\"twitter:data2\" content=\"3 minutes\" \/>\n<script type=\"application\/ld+json\" class=\"yoast-schema-graph\">{\"@context\":\"https:\/\/schema.org\",\"@graph\":[{\"@type\":\"WebPage\",\"@id\":\"https:\/\/terredeshommes.it\/eng\/comunicati\/invisibile-agli-occhi-ai-campionati-mondiali-di-scherma-milano-2023\/\",\"url\":\"https:\/\/terredeshommes.it\/eng\/comunicati\/invisibile-agli-occhi-ai-campionati-mondiali-di-scherma-milano-2023\/\",\"name\":\"Invisibile agli occhi ai Campionati Mondiali di Scherma \u201cMilano 2023\u201d\",\"isPartOf\":{\"@id\":\"https:\/\/terredeshommes.it\/eng\/#website\"},\"datePublished\":\"2023-07-24T10:24:58+00:00\",\"dateModified\":\"2023-07-24T10:58:45+00:00\",\"author\":{\"@id\":\"https:\/\/terredeshommes.it\/eng\/#\/schema\/person\/dbba823406adc60a974a3434150e38d5\"},\"description\":\"La campagna di sensibilizzazione contro l\u2019abuso sui minori verr\u00e0 presentata il 25 luglio alle 20.45 presso \\\"Casa Italia\\\"\",\"breadcrumb\":{\"@id\":\"https:\/\/terredeshommes.it\/eng\/comunicati\/invisibile-agli-occhi-ai-campionati-mondiali-di-scherma-milano-2023\/#breadcrumb\"},\"inLanguage\":\"en-US\",\"potentialAction\":[{\"@type\":\"ReadAction\",\"target\":[\"https:\/\/terredeshommes.it\/eng\/comunicati\/invisibile-agli-occhi-ai-campionati-mondiali-di-scherma-milano-2023\/\"]}]},{\"@type\":\"BreadcrumbList\",\"@id\":\"https:\/\/terredeshommes.it\/eng\/comunicati\/invisibile-agli-occhi-ai-campionati-mondiali-di-scherma-milano-2023\/#breadcrumb\",\"itemListElement\":[{\"@type\":\"ListItem\",\"position\":1,\"name\":\"Home\",\"item\":\"https:\/\/terredeshommes.it\/eng\/\"},{\"@type\":\"ListItem\",\"position\":2,\"name\":\"Invisibile agli occhi ai Campionati Mondiali di Scherma \u201cMilano 2023\u201d\"}]},{\"@type\":\"WebSite\",\"@id\":\"https:\/\/terredeshommes.it\/eng\/#website\",\"url\":\"https:\/\/terredeshommes.it\/eng\/\",\"name\":\"Terre des Hommes Italia\",\"description\":\"Proteggiamo i bambini insieme\",\"potentialAction\":[{\"@type\":\"SearchAction\",\"target\":{\"@type\":\"EntryPoint\",\"urlTemplate\":\"https:\/\/terredeshommes.it\/eng\/?s={search_term_string}\"},\"query-input\":\"required name=search_term_string\"}],\"inLanguage\":\"en-US\"},{\"@type\":\"Person\",\"@id\":\"https:\/\/terredeshommes.it\/eng\/#\/schema\/person\/dbba823406adc60a974a3434150e38d5\",\"name\":\"Anna Bianchi\",\"url\":\"https:\/\/terredeshommes.it\/eng\/author\/a-bianchitdhitaly-org\/\"}]}<\/script>\n<!-- \/ Yoast SEO plugin. -->","yoast_head_json":{"title":"Invisibile agli occhi ai Campionati Mondiali di Scherma \u201cMilano 2023\u201d","description":"La campagna di sensibilizzazione contro l\u2019abuso sui minori verr\u00e0 presentata il 25 luglio alle 20.45 presso \"Casa Italia\"","robots":{"index":"index","follow":"follow","max-snippet":"max-snippet:-1","max-image-preview":"max-image-preview:large","max-video-preview":"max-video-preview:-1"},"canonical":"https:\/\/terredeshommes.it\/eng\/comunicati\/invisibile-agli-occhi-ai-campionati-mondiali-di-scherma-milano-2023\/","og_locale":"en_US","og_type":"article","og_title":"Invisibile agli occhi ai Campionati Mondiali di Scherma \u201cMilano 2023\u201d","og_description":"La campagna di sensibilizzazione contro l\u2019abuso sui minori verr\u00e0 presentata il 25 luglio alle 20.45 presso \"Casa Italia\"","og_url":"https:\/\/terredeshommes.it\/eng\/comunicati\/invisibile-agli-occhi-ai-campionati-mondiali-di-scherma-milano-2023\/","og_site_name":"Terre des Hommes Italia","article_published_time":"2023-07-24T10:24:58+00:00","article_modified_time":"2023-07-24T10:58:45+00:00","og_image":[{"width":1920,"height":760,"url":"https:\/\/terredeshommes.it\/eng\/wp-content\/uploads\/home-tdh-viol.jpg","type":"image\/jpeg"}],"author":"Anna Bianchi","twitter_card":"summary_large_image","twitter_misc":{"Written by":"Anna Bianchi","Est. reading time":"3 minutes"},"schema":{"@context":"https:\/\/schema.org","@graph":[{"@type":"WebPage","@id":"https:\/\/terredeshommes.it\/eng\/comunicati\/invisibile-agli-occhi-ai-campionati-mondiali-di-scherma-milano-2023\/","url":"https:\/\/terredeshommes.it\/eng\/comunicati\/invisibile-agli-occhi-ai-campionati-mondiali-di-scherma-milano-2023\/","name":"Invisibile agli occhi ai Campionati Mondiali di Scherma \u201cMilano 2023\u201d","isPartOf":{"@id":"https:\/\/terredeshommes.it\/eng\/#website"},"datePublished":"2023-07-24T10:24:58+00:00","dateModified":"2023-07-24T10:58:45+00:00","author":{"@id":"https:\/\/terredeshommes.it\/eng\/#\/schema\/person\/dbba823406adc60a974a3434150e38d5"},"description":"La campagna di sensibilizzazione contro l\u2019abuso sui minori verr\u00e0 presentata il 25 luglio alle 20.45 presso \"Casa Italia\"","breadcrumb":{"@id":"https:\/\/terredeshommes.it\/eng\/comunicati\/invisibile-agli-occhi-ai-campionati-mondiali-di-scherma-milano-2023\/#breadcrumb"},"inLanguage":"en-US","potentialAction":[{"@type":"ReadAction","target":["https:\/\/terredeshommes.it\/eng\/comunicati\/invisibile-agli-occhi-ai-campionati-mondiali-di-scherma-milano-2023\/"]}]},{"@type":"BreadcrumbList","@id":"https:\/\/terredeshommes.it\/eng\/comunicati\/invisibile-agli-occhi-ai-campionati-mondiali-di-scherma-milano-2023\/#breadcrumb","itemListElement":[{"@type":"ListItem","position":1,"name":"Home","item":"https:\/\/terredeshommes.it\/eng\/"},{"@type":"ListItem","position":2,"name":"Invisibile agli occhi ai Campionati Mondiali di Scherma \u201cMilano 2023\u201d"}]},{"@type":"WebSite","@id":"https:\/\/terredeshommes.it\/eng\/#website","url":"https:\/\/terredeshommes.it\/eng\/","name":"Terre des Hommes Italia","description":"Proteggiamo i bambini insieme","potentialAction":[{"@type":"SearchAction","target":{"@type":"EntryPoint","urlTemplate":"https:\/\/terredeshommes.it\/eng\/?s={search_term_string}"},"query-input":"required name=search_term_string"}],"inLanguage":"en-US"},{"@type":"Person","@id":"https:\/\/terredeshommes.it\/eng\/#\/schema\/person\/dbba823406adc60a974a3434150e38d5","name":"Anna Bianchi","url":"https:\/\/terredeshommes.it\/eng\/author\/a-bianchitdhitaly-org\/"}]}},"_links":{"self":[{"href":"https:\/\/terredeshommes.it\/eng\/wp-json\/wp\/v2\/posts\/7488","targetHints":{"allow":["GET"]}}],"collection":[{"href":"https:\/\/terredeshommes.it\/eng\/wp-json\/wp\/v2\/posts"}],"about":[{"href":"https:\/\/terredeshommes.it\/eng\/wp-json\/wp\/v2\/types\/post"}],"author":[{"embeddable":true,"href":"https:\/\/terredeshommes.it\/eng\/wp-json\/wp\/v2\/users\/6"}],"replies":[{"embeddable":true,"href":"https:\/\/terredeshommes.it\/eng\/wp-json\/wp\/v2\/comments?post=7488"}],"version-history":[{"count":5,"href":"https:\/\/terredeshommes.it\/eng\/wp-json\/wp\/v2\/posts\/7488\/revisions"}],"predecessor-version":[{"id":7493,"href":"https:\/\/terredeshommes.it\/eng\/wp-json\/wp\/v2\/posts\/7488\/revisions\/7493"}],"wp:featuredmedia":[{"embeddable":true,"href":"https:\/\/terredeshommes.it\/eng\/wp-json\/wp\/v2\/media\/3558"}],"wp:attachment":[{"href":"https:\/\/terredeshommes.it\/eng\/wp-json\/wp\/v2\/media?parent=7488"}],"wp:term":[{"taxonomy":"category","embeddable":true,"href":"https:\/\/terredeshommes.it\/eng\/wp-json\/wp\/v2\/categories?post=7488"},{"taxonomy":"post_tag","embeddable":true,"href":"https:\/\/terredeshommes.it\/eng\/wp-json\/wp\/v2\/tags?post=7488"}],"curies":[{"name":"wp","href":"https:\/\/api.w.org\/{rel}","templated":true}]}}