{"id":7877,"date":"2023-08-28T12:32:01","date_gmt":"2023-08-28T10:32:01","guid":{"rendered":"https:\/\/terredeshommes.it\/?p=7877"},"modified":"2023-08-28T12:32:10","modified_gmt":"2023-08-28T10:32:10","slug":"i-diritti-dellinfanzia-di-fronte-alla-crisi-climatica","status":"publish","type":"post","link":"https:\/\/terredeshommes.it\/eng\/comunicati\/i-diritti-dellinfanzia-di-fronte-alla-crisi-climatica\/","title":{"rendered":"i diritti dell&#8217;infanzia di fronte alla crisi climatica"},"content":{"rendered":"<p>[et_pb_section fb_built=&#8221;1&#8243; _builder_version=&#8221;4.16&#8243; global_colors_info=&#8221;{}&#8221;][et_pb_row _builder_version=&#8221;4.16&#8243; background_size=&#8221;initial&#8221; background_position=&#8221;top_left&#8221; background_repeat=&#8221;repeat&#8221; min_height=&#8221;1568px&#8221; global_colors_info=&#8221;{}&#8221;][et_pb_column type=&#8221;4_4&#8243; _builder_version=&#8221;4.16&#8243; custom_padding=&#8221;|||&#8221; global_colors_info=&#8221;{}&#8221; custom_padding__hover=&#8221;|||&#8221;][et_pb_text _builder_version=&#8221;4.18.0&#8243; background_size=&#8221;initial&#8221; background_position=&#8221;top_left&#8221; background_repeat=&#8221;repeat&#8221; global_colors_info=&#8221;{}&#8221;]<\/p>\n<p>I diritti dell&#8217;infanzia di fronte alla crisi climatica sono sempre pi\u00f9 a rischio, Il comitato ONU per i diritti dei bambini e delle bambine sollecita l&#8217;azione degli Stati.<\/p>\n<h3>IL COMMENTO GENERALE N.26 PER IL DIRITTO DELL&#8217;INFANZIA AD UN AMBIENTE SICURO<\/h3>\n<p style=\"text-align: justify;\">Per la prima volta, il Comitato delle Nazioni Unite sui diritti dell&#8217;infanzia ha affermato esplicitamente il diritto dei bambini e delle bambine a un ambiente pulito, sano e sostenibile, attraverso la pubblicazione del <a href=\"https:\/\/childrightsenvironment.org\/\" target=\"_blank\" rel=\"noopener\"><strong>Commento Generale N.26<\/strong><\/a>, che fornisce un&#8217;interpretazione completa degli obblighi degli Stati membri ai sensi della Convenzione ONU sui diritti dell&#8217;infanzia.<\/p>\n<p style=\"text-align: justify;\">Il &#8220;Commento generale n. 26&#8221;, ora pubblicato, affronta esplicitamente l&#8217;emergenza climatica, il collasso della biodiversit\u00e0 e l&#8217;inquinamento dilagante, delineando contromisure per proteggere la vita e le prospettive di vita dei bambini. <strong>Philip Jaff\u00e9<\/strong>, membro del <strong>Comitato delle Nazioni Unite per i diritti dell&#8217;infanzia<\/strong>, afferma:<\/p>\n<p style=\"text-align: justify;\"><em>&#8220;I bambini e le bambine di tutto il mondo hanno guidato la lotta contro il cambiamento climatico, chiedendo ai loro governi e alle imprese di agire per proteggere il pianeta e il loro futuro. Con questo documento, il Comitato sui diritti dell&#8217;infanzia e dell&#8217;adolescenza non solo fa eco e amplifica le loro voci, ma definisce anche chiaramente i loro diritti in relazione all&#8217;ambiente che gli Stati parte dovrebbero rispettare, proteggere e realizzare con urgenza!&#8221;<\/em>.<\/p>\n<p style=\"text-align: justify;\"><em>&#8220;Questo nuovo Commento Generale segna un passo avanti fondamentale nel riconoscimento che ogni bambino e ogni bambina sulla Terra ha il diritto di vivere in un ambiente pulito, sano e sostenibile. I governi devono ora agire con urgenza per affrontare la crisi ambientale globale e dare vita a queste parole ispiratrici&#8221;,<\/em> afferma <strong>David Boyd, relatore speciale delle Nazioni Unite per i diritti umani e l&#8217;ambiente.<\/strong><\/p>\n<h3 style=\"text-align: justify;\">La responsabilit\u00e0 degli stati per garantire un ambiente sicuro a bambini e bambine<\/h3>\n<p style=\"text-align: justify;\">Il Commento generale n. 26 specifica che:<\/p>\n<ul>\n<li style=\"text-align: justify;\">gli Stati sono responsabili non solo della protezione dei diritti dei bambini dai danni immediati, ma anche delle prevedibili violazioni dei loro diritti in futuro, dovute agli atti &#8211; o alle mancate azioni &#8211; degli Stati di oggi.<\/li>\n<li style=\"text-align: justify;\">gli Stati possono essere ritenuti responsabili non solo per i danni ambientali che si verificano all&#8217;interno dei loro confini, ma anche per gli impatti dannosi dei danni ambientali e dei cambiamenti climatici al di fuori dei loro confini.<\/li>\n<li style=\"text-align: justify;\">Particolare attenzione deve essere prestata ai danni sproporzionati subiti dai bambini in situazioni svantaggiate.<\/li>\n<\/ul>\n<p>I 196 Stati che hanno ratificato la Convenzione sui diritti dell&#8217;infanzia e dell&#8217;adolescenza sono esortati a intraprendere azioni immediate, tra cui:<\/p>\n<ul>\n<li>l&#8217;organizzazione dell&#8217;eliminazione graduale di carbone, petrolio e gas naturale e il passaggio a fonti di energia rinnovabili,<\/li>\n<li>il miglioramento della qualit\u00e0 dell&#8217;aria e la garanzia dell&#8217;accesso all&#8217;acqua potabile,<\/li>\n<li>la trasformazione dell&#8217;agricoltura e della pesca industriali per produrre alimenti sani e sostenibili e<\/li>\n<li>la protezione della biodiversit\u00e0.<\/li>\n<\/ul>\n<h3>La partecipazione di ragazzi e ragazze per preparare il commento generale<\/h3>\n<p style=\"text-align: justify;\">Lo stesso Commento generale n. 26 \u00e8 il risultato di un impegno globale e intergenerazionale, che comprende <strong>un&#8217;ampia consultazione<\/strong>\u00a0con gli Stati membri, le organizzazioni internazionali e regionali, come le entit\u00e0 e gli organismi specializzati delle Nazioni Unite, le istituzioni nazionali per i diritti umani, le organizzazioni della societ\u00e0 civile e i ragazzi e le ragazze stesse.<\/p>\n<p style=\"text-align: justify;\"><em>&#8220;I bambini e le bambine sono i meno responsabili della crisi climatica, ma soffrono maggiormente delle sue conseguenze:\u00a0<strong>ogni anno 1,7 milioni di bambini sotto i cinque anni perdono la vita a causa di danni ambientali evitabili.<\/strong>\u00a0Eppure, i bambini le bambine e i giovani sono sottorappresentati in quasi tutti i processi decisionali sulle politiche ambientali. Con il Commento generale n. 26 abbiamo cercato di cambiare questa situazione: con oltre 16.000 contributi di 121 Paesi, questo \u00e8 stato uno dei processi di partecipazione giovanile pi\u00f9 inclusivi a livello di Nazioni Unite. Come Terre des Hommes, siamo orgogliosi di aver coordinato questo straordinario processo&#8221;.<\/em> Afferma <strong>Paolo Ferrara, Direttore Generale di Terre des Hommes Italia<\/strong><\/p>\n<h3 style=\"text-align: justify;\">La voce dei giovani attivisti coinvolti da Terre des Hommes\u00a0<\/h3>\n<p style=\"text-align: justify;\"><a href=\"https:\/\/terredeshommes.it\/eng\/\" target=\"_blank\" rel=\"noopener\">Terre des Hommes<\/a> &#8211; partner ufficiale del Comitato per lo sviluppo del Commento generale n. 26 &#8211; ha condotto un processo con stakeholder a pi\u00f9 livelli, coinvolgendo e impegnando in modo significativo i bambini attraverso consultazioni online per informare la forma e la sostanza del testo.<\/p>\n<p style=\"text-align: justify;\">L&#8217;organizzazione internazionale per diritti dell&#8217;infanziai\u00a0 ha coordinato un comitato consultivo globale di esperti e\u00a0<strong>un team di 12 giovani consulenti<\/strong>\u00a0di et\u00e0 compresa\u00a0<strong>tra gli 11 e i 17 anni<\/strong>\u00a0per sostenere il Comitato. Il Fondo delle Nazioni Unite per l&#8217;Infanzia (UNICEF), in qualit\u00e0 di membro del Comitato consultivo, ha fornito ulteriori competenze tecniche e ha contribuito a raccogliere le opinioni dei bambini di tutto il mondo nell&#8217;ambito del processo di consultazione.<\/p>\n<p style=\"text-align: justify;\">Una delle ragazze consulenti,\u00a0<strong>\u0100niva, 17 anni<\/strong>, attivista per il clima e i diritti dell&#8217;infanzia delle isole del Pacifico, commenta:\u00a0<em>&#8220;Per me, il Commento generale significa un cambiamento a livello mondiale, necessario per progredire nella lotta ai problemi ambientali e per intraprendere un&#8217;azione globale volta a proteggere il nostro pianeta per la nostra generazione e per quelle a venire. Il documento fornisce ai bambini una base pi\u00f9 solida nel diritto internazionale per far valere i nostri diritti a un ambiente sano. A livello globale, stiamo assistendo a una maggiore azione delle persone per proteggere l&#8217;ambiente attraverso i diritti umani e la CG26 costituisce una parte importante di questo processo&#8221;.<\/em><\/p>\n<p>[\/et_pb_text][\/et_pb_column][\/et_pb_row][\/et_pb_section]<\/p>\n","protected":false},"excerpt":{"rendered":"<p>I diritti dell&#8217;infanzia di fronte alla crisi climatica sono sempre pi\u00f9 a rischio, Il comitato ONU per i diritti dei bambini e delle bambine sollecita l&#8217;azione degli Stati. IL COMMENTO GENERALE N.26 PER IL DIRITTO DELL&#8217;INFANZIA AD UN AMBIENTE SICURO Per la prima volta, il Comitato delle Nazioni Unite sui diritti dell&#8217;infanzia ha affermato esplicitamente [&hellip;]<\/p>\n","protected":false},"author":6,"featured_media":7881,"comment_status":"closed","ping_status":"closed","sticky":false,"template":"","format":"standard","meta":{"_et_pb_use_builder":"on","_et_pb_old_content":"<p>Tra poco saranno 11 gli anni che Mira festegger\u00e0, ma quest\u2019anno il suo compleanno promette di essere un\u2019occasione di festa pi\u00f9 grande del passato.<br \/><strong>Mira \u00e8 una bambina siriana rifugiata<\/strong> con la sua famiglia a Byblos, in Libano, <strong>ed \u00e8 nata con una disabilit\u00e0 fisica<\/strong> che le impedisce salire le scale e che le provoca una notevole zoppia mentre cammina.<br \/>Finora <strong>questa condizione le ha reso pi\u00f9 difficile frequentare la scuola e partecipare alle attivit\u00e0 con gli altri bambini<\/strong>.<br \/>A causa della sua disabilit\u00e0 <strong>nella scuola precedente aveva subito episodi di bullismo, che avevano ulteriormente compromesso la sua autostima<\/strong>.<\/p><h2>Uno spazio protetto dal bullismo<\/h2><p>Tuttavia, <strong>le cose sono cambiate quando ha cominciato a frequentare i corsi di alfabetizzazione e aritmetica di base offerti dal progetto Redeem<\/strong> di Terre des Hommes Italia con fondi dell\u2019<a href=\"https:\/\/www.aics.gov.it\/\" target=\"_blank\" rel=\"noopener\">Agenzia Italiana per la Cooperazione allo sviluppo<\/a>.<br \/><strong>Nel centro educativo ha trovato uno spazio protetto e inclusivo<\/strong>, dove gli operatori hanno seguito da vicino lei e i suoi genitori per capire quali fossero effettivamente le esigenze di Mira.<\/p><p><strong>Quando Mira ha espresso i suoi timori di essere di nuovo bullizzata, sono state intraprese azioni immediate e sono state organizzate sessioni di sensibilizzazione su questo tema con tutti i suoi compagni.<\/strong> Ci\u00f2 ha avuto un ruolo fondamentale nel rafforzare la sua fiducia in se stessa.<br \/>Le \u00e8 stato assicurato che <strong>il centro \u00e8 uno spazio sicuro dove potersi esprimersi e dove la sua disabilit\u00e0 non sar\u00e0 d\u2019ostacolo per partecipare a tutte le attivit\u00e0 e a interagire con i suoi coetanei<\/strong>.<\/p><h2>Una chance educativa anche per la mamma<\/h2><p>Ma non basta. <strong>Gli operatori del progetto hanno pensato di dare un\u2019opportunit\u00e0 di formazione alla madre di Mira<\/strong> e dei suoi 6 fratelli, <strong>Alya. <\/strong><\/p><p><strong>Prima la donna non aveva mai frequentato la scuola e raramente si avventurava fuori casa<\/strong>. Adesso Alya partecipa al programma di alfabetizzazione per adulti e perci\u00f2 ha iniziato a frequentare lo stesso centro della figlia.<\/p><p><img class=\"alignnone size-large wp-image-6862\" src=\"https:\/\/terredeshommes.it\/eng\/wp-content\/uploads\/AICS-REDEEM-Adult-Literacy-June-2023-1-1024x575.jpg\" alt=\"\" width=\"1024\" height=\"575\" \/><br \/><strong>In questo modo ha la possibilit\u00e0 di imparare le lingue e di confrontarsi con gli altri genitori della classe<\/strong>. Anche i trasporti per arrivare al centro sono forniti dal progetto.<\/p><p>\u201c<em>Mira adesso \u00e8 visibilmente pi\u00f9 sicura di s\u00e9 ed \u00e8 molto felice di andare al centro. Anch\u2019io posso dire lo stesso, <strong>sento che sto partecipando attivamente all\u2019educazione di mia figlia<\/strong>, anche attraverso il corso per adulti, che mi ha fatto conoscere tante donne nella mia stessa condizione<\/em>\u201d, ci ha detto la madre. \u201c<em>Insomma n\u00e9 l\u2019et\u00e0 n\u00e9 la disabilit\u00e0 sono dei veri ostacoli per per migliorare la propria istruzione<\/em>\u201d<\/p><p>Il progetto \"<strong>Redeem: Rafforzare i meccanismi educativi, di protezione e di empowerment comunitario nelle aree vulnerabili del Monte Libano<\/strong>\", ha coinvolto <strong>pi\u00f9 di 150 bambini e 75 genitori <\/strong>in attivit\u00e0 educative con l'obiettivo di fornire ai bambini le competenze fondamentali di lettura e scrittura e aiutare i genitori a contribuire attivamente al loro percorso educativo.<br \/>Il progetto \u00e8 realizzato da Terre des Hommes Italia in Libano in collaborazione con <a href=\"https:\/\/www.instagram.com\/hoopsclub.ofcl\/\" target=\"_blank\" rel=\"noopener\">Hoops Club<\/a> e finanziato da <a href=\"https:\/\/www.aics.gov.it\/\" target=\"_blank\" rel=\"noopener\">AICS<\/a>.<\/p>","_et_gb_content_width":"","footnotes":""},"categories":[16],"tags":[],"class_list":["post-7877","post","type-post","status-publish","format-standard","has-post-thumbnail","hentry","category-comunicati"],"yoast_head":"<!-- This site is optimized with the Yoast SEO plugin v21.1 - https:\/\/yoast.com\/wordpress\/plugins\/seo\/ -->\n<title>i diritti dell&#039;infanzia di fronte alla crisi climatica<\/title>\n<meta name=\"description\" content=\"Pubblicata dalle Nazioni Unite una guida rivolta agli Stati per difenderei diritti dell&#039;infanzia a fronte della crisi climatica.\" \/>\n<meta name=\"robots\" content=\"index, follow, max-snippet:-1, max-image-preview:large, max-video-preview:-1\" \/>\n<link rel=\"canonical\" href=\"https:\/\/terredeshommes.it\/eng\/comunicati\/i-diritti-dellinfanzia-di-fronte-alla-crisi-climatica\/\" \/>\n<meta property=\"og:locale\" content=\"en_US\" \/>\n<meta property=\"og:type\" content=\"article\" \/>\n<meta property=\"og:title\" content=\"i diritti dell&#039;infanzia di fronte alla crisi climatica\" \/>\n<meta property=\"og:description\" content=\"Pubblicata dalle Nazioni Unite una guida rivolta agli Stati per difenderei diritti dell&#039;infanzia a fronte della crisi climatica.\" \/>\n<meta property=\"og:url\" content=\"https:\/\/terredeshommes.it\/eng\/comunicati\/i-diritti-dellinfanzia-di-fronte-alla-crisi-climatica\/\" \/>\n<meta property=\"og:site_name\" content=\"Terre des Hommes Italia\" \/>\n<meta property=\"article:published_time\" content=\"2023-08-28T10:32:01+00:00\" \/>\n<meta property=\"article:modified_time\" content=\"2023-08-28T10:32:10+00:00\" \/>\n<meta property=\"og:image\" content=\"https:\/\/terredeshommes.it\/eng\/wp-content\/uploads\/GC_Publication_TW_2.png\" \/>\n\t<meta property=\"og:image:width\" content=\"1200\" \/>\n\t<meta property=\"og:image:height\" content=\"630\" \/>\n\t<meta property=\"og:image:type\" content=\"image\/png\" \/>\n<meta name=\"author\" content=\"Anna Bianchi\" \/>\n<meta name=\"twitter:card\" content=\"summary_large_image\" \/>\n<meta name=\"twitter:label1\" content=\"Written by\" \/>\n\t<meta name=\"twitter:data1\" content=\"Anna Bianchi\" \/>\n\t<meta name=\"twitter:label2\" content=\"Est. reading time\" \/>\n\t<meta name=\"twitter:data2\" content=\"5 minutes\" \/>\n<script type=\"application\/ld+json\" class=\"yoast-schema-graph\">{\"@context\":\"https:\/\/schema.org\",\"@graph\":[{\"@type\":\"WebPage\",\"@id\":\"https:\/\/terredeshommes.it\/eng\/comunicati\/i-diritti-dellinfanzia-di-fronte-alla-crisi-climatica\/\",\"url\":\"https:\/\/terredeshommes.it\/eng\/comunicati\/i-diritti-dellinfanzia-di-fronte-alla-crisi-climatica\/\",\"name\":\"i diritti dell'infanzia di fronte alla crisi climatica\",\"isPartOf\":{\"@id\":\"https:\/\/terredeshommes.it\/eng\/#website\"},\"datePublished\":\"2023-08-28T10:32:01+00:00\",\"dateModified\":\"2023-08-28T10:32:10+00:00\",\"author\":{\"@id\":\"https:\/\/terredeshommes.it\/eng\/#\/schema\/person\/dbba823406adc60a974a3434150e38d5\"},\"description\":\"Pubblicata dalle Nazioni Unite una guida rivolta agli Stati per difenderei diritti dell'infanzia a fronte della crisi climatica.\",\"breadcrumb\":{\"@id\":\"https:\/\/terredeshommes.it\/eng\/comunicati\/i-diritti-dellinfanzia-di-fronte-alla-crisi-climatica\/#breadcrumb\"},\"inLanguage\":\"en-US\",\"potentialAction\":[{\"@type\":\"ReadAction\",\"target\":[\"https:\/\/terredeshommes.it\/eng\/comunicati\/i-diritti-dellinfanzia-di-fronte-alla-crisi-climatica\/\"]}]},{\"@type\":\"BreadcrumbList\",\"@id\":\"https:\/\/terredeshommes.it\/eng\/comunicati\/i-diritti-dellinfanzia-di-fronte-alla-crisi-climatica\/#breadcrumb\",\"itemListElement\":[{\"@type\":\"ListItem\",\"position\":1,\"name\":\"Home\",\"item\":\"https:\/\/terredeshommes.it\/eng\/\"},{\"@type\":\"ListItem\",\"position\":2,\"name\":\"i diritti dell&#8217;infanzia di fronte alla crisi climatica\"}]},{\"@type\":\"WebSite\",\"@id\":\"https:\/\/terredeshommes.it\/eng\/#website\",\"url\":\"https:\/\/terredeshommes.it\/eng\/\",\"name\":\"Terre des Hommes Italia\",\"description\":\"Proteggiamo i bambini insieme\",\"potentialAction\":[{\"@type\":\"SearchAction\",\"target\":{\"@type\":\"EntryPoint\",\"urlTemplate\":\"https:\/\/terredeshommes.it\/eng\/?s={search_term_string}\"},\"query-input\":\"required name=search_term_string\"}],\"inLanguage\":\"en-US\"},{\"@type\":\"Person\",\"@id\":\"https:\/\/terredeshommes.it\/eng\/#\/schema\/person\/dbba823406adc60a974a3434150e38d5\",\"name\":\"Anna Bianchi\",\"url\":\"https:\/\/terredeshommes.it\/eng\/author\/a-bianchitdhitaly-org\/\"}]}<\/script>\n<!-- \/ Yoast SEO plugin. -->","yoast_head_json":{"title":"i diritti dell'infanzia di fronte alla crisi climatica","description":"Pubblicata dalle Nazioni Unite una guida rivolta agli Stati per difenderei diritti dell'infanzia a fronte della crisi climatica.","robots":{"index":"index","follow":"follow","max-snippet":"max-snippet:-1","max-image-preview":"max-image-preview:large","max-video-preview":"max-video-preview:-1"},"canonical":"https:\/\/terredeshommes.it\/eng\/comunicati\/i-diritti-dellinfanzia-di-fronte-alla-crisi-climatica\/","og_locale":"en_US","og_type":"article","og_title":"i diritti dell'infanzia di fronte alla crisi climatica","og_description":"Pubblicata dalle Nazioni Unite una guida rivolta agli Stati per difenderei diritti dell'infanzia a fronte della crisi climatica.","og_url":"https:\/\/terredeshommes.it\/eng\/comunicati\/i-diritti-dellinfanzia-di-fronte-alla-crisi-climatica\/","og_site_name":"Terre des Hommes Italia","article_published_time":"2023-08-28T10:32:01+00:00","article_modified_time":"2023-08-28T10:32:10+00:00","og_image":[{"width":1200,"height":630,"url":"https:\/\/terredeshommes.it\/eng\/wp-content\/uploads\/GC_Publication_TW_2.png","type":"image\/png"}],"author":"Anna Bianchi","twitter_card":"summary_large_image","twitter_misc":{"Written by":"Anna Bianchi","Est. reading time":"5 minutes"},"schema":{"@context":"https:\/\/schema.org","@graph":[{"@type":"WebPage","@id":"https:\/\/terredeshommes.it\/eng\/comunicati\/i-diritti-dellinfanzia-di-fronte-alla-crisi-climatica\/","url":"https:\/\/terredeshommes.it\/eng\/comunicati\/i-diritti-dellinfanzia-di-fronte-alla-crisi-climatica\/","name":"i diritti dell'infanzia di fronte alla crisi climatica","isPartOf":{"@id":"https:\/\/terredeshommes.it\/eng\/#website"},"datePublished":"2023-08-28T10:32:01+00:00","dateModified":"2023-08-28T10:32:10+00:00","author":{"@id":"https:\/\/terredeshommes.it\/eng\/#\/schema\/person\/dbba823406adc60a974a3434150e38d5"},"description":"Pubblicata dalle Nazioni Unite una guida rivolta agli Stati per difenderei diritti dell'infanzia a fronte della crisi climatica.","breadcrumb":{"@id":"https:\/\/terredeshommes.it\/eng\/comunicati\/i-diritti-dellinfanzia-di-fronte-alla-crisi-climatica\/#breadcrumb"},"inLanguage":"en-US","potentialAction":[{"@type":"ReadAction","target":["https:\/\/terredeshommes.it\/eng\/comunicati\/i-diritti-dellinfanzia-di-fronte-alla-crisi-climatica\/"]}]},{"@type":"BreadcrumbList","@id":"https:\/\/terredeshommes.it\/eng\/comunicati\/i-diritti-dellinfanzia-di-fronte-alla-crisi-climatica\/#breadcrumb","itemListElement":[{"@type":"ListItem","position":1,"name":"Home","item":"https:\/\/terredeshommes.it\/eng\/"},{"@type":"ListItem","position":2,"name":"i diritti dell&#8217;infanzia di fronte alla crisi climatica"}]},{"@type":"WebSite","@id":"https:\/\/terredeshommes.it\/eng\/#website","url":"https:\/\/terredeshommes.it\/eng\/","name":"Terre des Hommes Italia","description":"Proteggiamo i bambini insieme","potentialAction":[{"@type":"SearchAction","target":{"@type":"EntryPoint","urlTemplate":"https:\/\/terredeshommes.it\/eng\/?s={search_term_string}"},"query-input":"required name=search_term_string"}],"inLanguage":"en-US"},{"@type":"Person","@id":"https:\/\/terredeshommes.it\/eng\/#\/schema\/person\/dbba823406adc60a974a3434150e38d5","name":"Anna Bianchi","url":"https:\/\/terredeshommes.it\/eng\/author\/a-bianchitdhitaly-org\/"}]}},"_links":{"self":[{"href":"https:\/\/terredeshommes.it\/eng\/wp-json\/wp\/v2\/posts\/7877","targetHints":{"allow":["GET"]}}],"collection":[{"href":"https:\/\/terredeshommes.it\/eng\/wp-json\/wp\/v2\/posts"}],"about":[{"href":"https:\/\/terredeshommes.it\/eng\/wp-json\/wp\/v2\/types\/post"}],"author":[{"embeddable":true,"href":"https:\/\/terredeshommes.it\/eng\/wp-json\/wp\/v2\/users\/6"}],"replies":[{"embeddable":true,"href":"https:\/\/terredeshommes.it\/eng\/wp-json\/wp\/v2\/comments?post=7877"}],"version-history":[{"count":11,"href":"https:\/\/terredeshommes.it\/eng\/wp-json\/wp\/v2\/posts\/7877\/revisions"}],"predecessor-version":[{"id":7898,"href":"https:\/\/terredeshommes.it\/eng\/wp-json\/wp\/v2\/posts\/7877\/revisions\/7898"}],"wp:featuredmedia":[{"embeddable":true,"href":"https:\/\/terredeshommes.it\/eng\/wp-json\/wp\/v2\/media\/7881"}],"wp:attachment":[{"href":"https:\/\/terredeshommes.it\/eng\/wp-json\/wp\/v2\/media?parent=7877"}],"wp:term":[{"taxonomy":"category","embeddable":true,"href":"https:\/\/terredeshommes.it\/eng\/wp-json\/wp\/v2\/categories?post=7877"},{"taxonomy":"post_tag","embeddable":true,"href":"https:\/\/terredeshommes.it\/eng\/wp-json\/wp\/v2\/tags?post=7877"}],"curies":[{"name":"wp","href":"https:\/\/api.w.org\/{rel}","templated":true}]}}