{"id":7908,"date":"2023-09-05T17:13:17","date_gmt":"2023-09-05T15:13:17","guid":{"rendered":"https:\/\/terredeshommes.it\/?p=7908"},"modified":"2023-09-11T17:48:41","modified_gmt":"2023-09-11T15:48:41","slug":"la-mostra-straordinarie-protagoniste-del-presente-inaugura-al-maxxi-di-roma","status":"publish","type":"post","link":"https:\/\/terredeshommes.it\/eng\/comunicati\/la-mostra-straordinarie-protagoniste-del-presente-inaugura-al-maxxi-di-roma\/","title":{"rendered":"La mostra Straordinarie Protagoniste del presente inaugura al MAXXI di Roma"},"content":{"rendered":"<p>[et_pb_section fb_built=&#8221;1&#8243; _builder_version=&#8221;4.16&#8243; global_colors_info=&#8221;{}&#8221;][et_pb_row _builder_version=&#8221;4.16&#8243; background_size=&#8221;initial&#8221; background_position=&#8221;top_left&#8221; background_repeat=&#8221;repeat&#8221; min_height=&#8221;1568px&#8221; global_colors_info=&#8221;{}&#8221;][et_pb_column type=&#8221;4_4&#8243; _builder_version=&#8221;4.16&#8243; custom_padding=&#8221;|||&#8221; global_colors_info=&#8221;{}&#8221; custom_padding__hover=&#8221;|||&#8221;][et_pb_text _builder_version=&#8221;4.18.0&#8243; background_size=&#8221;initial&#8221; background_position=&#8221;top_left&#8221; background_repeat=&#8221;repeat&#8221; hover_enabled=&#8221;0&#8243; global_colors_info=&#8221;{}&#8221; sticky_enabled=&#8221;0&#8243;]<\/p>\n<p style=\"text-align: justify;\">La mostra <strong>Straordinarie. Protagoniste del presente<\/strong> apre allo spazio Extra MAXXI il 13 settembre.<\/p>\n<h3>Pi\u00f9 di 100 ritratti e voci di donne italiane<\/h3>\n<p style=\"text-align: justify;\">provenienti da molteplici ambiti della societ\u00e0 contemporanea. Pi\u00f9 di 100 professioniste che con il loro percorso testimoniano tanti modi diversi, e tutti possibili di affermarsi e realizzare le proprie ambizioni nonostante e <strong>oltre pregiudizi e discriminazioni. <\/strong><\/p>\n<p style=\"text-align: justify;\">Il progetto, a cura di <strong>Renata Ferri<\/strong> con le immagini realizzate da <strong>Ilaria Magliocchetti Lombi<\/strong>, verr\u00e0 presentato nella mostra che sar\u00e0 inaugurata<strong> mercoled\u00ec 13 settembre allo spazio <span style=\"color: #ff6600;\">Extra<\/span> <a href=\"https:\/\/www.maxxi.art\/\" target=\"_blank\" rel=\"noopener\">MAXXI di Roma <\/a><\/strong>per promuovere <a href=\"https:\/\/terredeshommes.it\/eng\/indifesa\/aiuta-una-bambina-indifesa\/\" target=\"_blank\" rel=\"noopener\"><span style=\"color: #000000;\">la campagna<\/span> <strong><span style=\"color: #ff6600;\">in<\/span>difesa<\/strong><\/a> che <strong>Terre des Hommes<\/strong> porta avanti ormai da 12 anni per la <strong>protezione dei diritti delle bambine e delle ragazze<\/strong> in Italia e nel mondo, attraverso progetti concreti sul campo, ma anche iniziative di sensibilizzazione come <strong>Straordinarie<\/strong>, per rivolgersi alle istituzioni e al grande pubblico e sostenere una cultura di rispetto e inclusione contro ogni pregiudizio e discriminazione di genere.<\/p>\n<h3>UNA TESTIMONIANZA PER LE BAMBINE E LE RAGAZZE<\/h3>\n<p style=\"text-align: justify;\">La mostra vuole <strong>celebrare queste donne<\/strong> che con le loro competenze, la loro creativit\u00e0 e il loro ingegno sono le vere protagoniste del presente, e vuole offrire la loro <strong>testimonianza alle bambine e alle ragazze,<\/strong> protagoniste del futuro, per renderle pi\u00f9 consapevoli dei loro diritti e ispirarle a coltivare i propri talenti e realizzare i propri sogni.<\/p>\n<p>Come afferma <strong>Renata Ferri<\/strong>, \u201c<em>Straordinarie<\/em> \u00e8 una sfida agli stereotipi di genere che trasforma il paradigma della donna-vittima in modello di riferimento culturale e politico. Protagoniste del nostro presente, hanno accolto l\u2019invito alla messa in scena del ritratto fotografico per fare di questa esposizione un corpo unico di volti e voci, una tessitura di memorie, confidenze e dediche\u201d.<\/p>\n<p><em>\u00a0\u201cLe ragazze e i ragazzi che partecipano ai nostri Osservatori e alle attivit\u00e0 del Network indifesa da anni ci mandano un messaggio chiaro: percepiscono di vivere in un mondo dove le donne sono costantemente a rischio di violenza e discriminazioni, ma non hanno modelli femminili a cui ispirarsi. Per questo motivo abbiamo realizzato questa mostra, perch\u00e9 le donne coinvolte, che con grande sensibilit\u00e0 e disponibilit\u00e0 hanno scelto di esserci, sono una testimonianza degli infiniti modi che le bambine e le ragazze possono avere per realizzare i loro sogni, qualunque siano le loro ambizioni e i loro talenti. Siamo grati a Renata Ferri e Ilaria Magliocchetti Lombi che insieme a noi hanno costruito questo percorso e a Fondazione Deloitte, cos\u00ec come a tutti gli altri partner che hanno creduto in questo progetto e hanno deciso di sostenerci\u201d <\/em><strong>Paolo Ferrara, Direttore Generale Terre des Hommes Italia.<\/strong><\/p>\n<h3>LA PRESENTAZIONE DEL XII DOSSIER INDIFESA<\/h3>\n<p style=\"text-align: justify;\">Durante i giorni di apertura proprio per le scuole verranno realizzati incontri e visite ad hoc e all\u2019interno del museo, la mattina del 6 ottobre, verr\u00e0 presentato il <a href=\"https:\/\/terredeshommes.it\/eng\/indifesa\/dossier\/\" target=\"_blank\" rel=\"noopener\"><strong>XII Dossier<\/strong> <strong>in<span style=\"color: #000000;\">difesa<\/span><\/strong><\/a>, l\u2019annuale report pubblicato da Terre des Hommes <strong>sulla condizione delle bambine e delle ragazze nel mondo.<\/strong><\/p>\n<p>La mostra \u00e8 stata realizzata grazie al prezioso sostegno di <strong>Deloitte con il patrocinio di<\/strong> <strong>Fondazione Deloitte, <\/strong>che ha sposato i valori promossi dal progetto ed \u00e8 <strong>main partner dell\u2019iniziativa. <\/strong><\/p>\n<p>\u201c<em>Deloitte e Fondazione Deloitte sono molto felici di sostenere questa iniziativa culturale per contribuire a valorizzare il ruolo della donna nella nostra societ\u00e0 e proporre nuovi role model femminili capaci di superare gli stereotipi legati al genere. Per farlo abbiamo scelto la fotografia, un linguaggio universale di grande valore espressivo ed educativo, continuando il percorso gi\u00e0 avviato con il Photo Grant di Deloitte lanciato nel 2023. Come Deloitte, infatti, da anni abbiamo messo al centro della nostra azione l\u2019impegno per la diversit\u00e0 e inclusione, per l\u2019empowerment femminile e per la diffusione di nuovi modelli di riferimento per le giovani generazioni<\/em>\u201d, spiega <strong>Guido Borsani, Presidente di Fondazione Deloitte e Partner di Deloitte.<\/strong><\/p>\n<p>Inoltre, altri numerosi partner che sono a fianco di Terre des Hommes per i diritti delle bambine e delle ragazze sostengono l\u2019iniziativa, tra cui: ACEA, che ha supportato la Fondazione Terre des Hommes, Fondazione Bracco, Rai per la Sostenibilit\u00e0 ESG, Canon, partner Culturale, Cotril partner tecnico, io Donna media partner, inoltre la mostra ha ottenuto il patrocinio dell\u2019Assessorato alla Cultura del Comune di Roma. La mostra \u00e8 prodotta da Silvana Editoriale ed \u00e8 realizzata con il supporto della Fondazione MAXXI.<\/p>\n<h3>GIORNI E ORARI DI APERTURA<\/h3>\n<p style=\"text-align: justify;\"><strong>Straordinarie. Protagoniste del presente<\/strong> sar\u00e0 aperta al pubblico gratuitamente tutti i giorni, dalle 11.00 alle 19.00, fino al <strong>6 ottobre.<\/strong><\/p>\n<p style=\"text-align: justify;\">[\/et_pb_text][\/et_pb_column][\/et_pb_row][\/et_pb_section]<\/p>\n","protected":false},"excerpt":{"rendered":"<p>La mostra Straordinarie. Protagoniste del presente apre allo spazio Extra MAXXI il 13 settembre. Pi\u00f9 di 100 ritratti e voci di donne italiane provenienti da molteplici ambiti della societ\u00e0 contemporanea. Pi\u00f9 di 100 professioniste che con il loro percorso testimoniano tanti modi diversi, e tutti possibili di affermarsi e realizzare le proprie ambizioni nonostante e [&hellip;]<\/p>\n","protected":false},"author":6,"featured_media":7904,"comment_status":"closed","ping_status":"closed","sticky":false,"template":"","format":"standard","meta":{"_et_pb_use_builder":"on","_et_pb_old_content":"<p>Tra poco saranno 11 gli anni che Mira festegger\u00e0, ma quest\u2019anno il suo compleanno promette di essere un\u2019occasione di festa pi\u00f9 grande del passato.<br \/><strong>Mira \u00e8 una bambina siriana rifugiata<\/strong> con la sua famiglia a Byblos, in Libano, <strong>ed \u00e8 nata con una disabilit\u00e0 fisica<\/strong> che le impedisce salire le scale e che le provoca una notevole zoppia mentre cammina.<br \/>Finora <strong>questa condizione le ha reso pi\u00f9 difficile frequentare la scuola e partecipare alle attivit\u00e0 con gli altri bambini<\/strong>.<br \/>A causa della sua disabilit\u00e0 <strong>nella scuola precedente aveva subito episodi di bullismo, che avevano ulteriormente compromesso la sua autostima<\/strong>.<\/p><h2>Uno spazio protetto dal bullismo<\/h2><p>Tuttavia, <strong>le cose sono cambiate quando ha cominciato a frequentare i corsi di alfabetizzazione e aritmetica di base offerti dal progetto Redeem<\/strong> di Terre des Hommes Italia con fondi dell\u2019<a href=\"https:\/\/www.aics.gov.it\/\" target=\"_blank\" rel=\"noopener\">Agenzia Italiana per la Cooperazione allo sviluppo<\/a>.<br \/><strong>Nel centro educativo ha trovato uno spazio protetto e inclusivo<\/strong>, dove gli operatori hanno seguito da vicino lei e i suoi genitori per capire quali fossero effettivamente le esigenze di Mira.<\/p><p><strong>Quando Mira ha espresso i suoi timori di essere di nuovo bullizzata, sono state intraprese azioni immediate e sono state organizzate sessioni di sensibilizzazione su questo tema con tutti i suoi compagni.<\/strong> Ci\u00f2 ha avuto un ruolo fondamentale nel rafforzare la sua fiducia in se stessa.<br \/>Le \u00e8 stato assicurato che <strong>il centro \u00e8 uno spazio sicuro dove potersi esprimersi e dove la sua disabilit\u00e0 non sar\u00e0 d\u2019ostacolo per partecipare a tutte le attivit\u00e0 e a interagire con i suoi coetanei<\/strong>.<\/p><h2>Una chance educativa anche per la mamma<\/h2><p>Ma non basta. <strong>Gli operatori del progetto hanno pensato di dare un\u2019opportunit\u00e0 di formazione alla madre di Mira<\/strong> e dei suoi 6 fratelli, <strong>Alya. <\/strong><\/p><p><strong>Prima la donna non aveva mai frequentato la scuola e raramente si avventurava fuori casa<\/strong>. Adesso Alya partecipa al programma di alfabetizzazione per adulti e perci\u00f2 ha iniziato a frequentare lo stesso centro della figlia.<\/p><p><img class=\"alignnone size-large wp-image-6862\" src=\"https:\/\/terredeshommes.it\/eng\/wp-content\/uploads\/AICS-REDEEM-Adult-Literacy-June-2023-1-1024x575.jpg\" alt=\"\" width=\"1024\" height=\"575\" \/><br \/><strong>In questo modo ha la possibilit\u00e0 di imparare le lingue e di confrontarsi con gli altri genitori della classe<\/strong>. Anche i trasporti per arrivare al centro sono forniti dal progetto.<\/p><p>\u201c<em>Mira adesso \u00e8 visibilmente pi\u00f9 sicura di s\u00e9 ed \u00e8 molto felice di andare al centro. Anch\u2019io posso dire lo stesso, <strong>sento che sto partecipando attivamente all\u2019educazione di mia figlia<\/strong>, anche attraverso il corso per adulti, che mi ha fatto conoscere tante donne nella mia stessa condizione<\/em>\u201d, ci ha detto la madre. \u201c<em>Insomma n\u00e9 l\u2019et\u00e0 n\u00e9 la disabilit\u00e0 sono dei veri ostacoli per per migliorare la propria istruzione<\/em>\u201d<\/p><p>Il progetto \"<strong>Redeem: Rafforzare i meccanismi educativi, di protezione e di empowerment comunitario nelle aree vulnerabili del Monte Libano<\/strong>\", ha coinvolto <strong>pi\u00f9 di 150 bambini e 75 genitori <\/strong>in attivit\u00e0 educative con l'obiettivo di fornire ai bambini le competenze fondamentali di lettura e scrittura e aiutare i genitori a contribuire attivamente al loro percorso educativo.<br \/>Il progetto \u00e8 realizzato da Terre des Hommes Italia in Libano in collaborazione con <a href=\"https:\/\/www.instagram.com\/hoopsclub.ofcl\/\" target=\"_blank\" rel=\"noopener\">Hoops Club<\/a> e finanziato da <a href=\"https:\/\/www.aics.gov.it\/\" target=\"_blank\" rel=\"noopener\">AICS<\/a>.<\/p>","_et_gb_content_width":"","footnotes":""},"categories":[16],"tags":[],"class_list":["post-7908","post","type-post","status-publish","format-standard","has-post-thumbnail","hentry","category-comunicati"],"yoast_head":"<!-- This site is optimized with the Yoast SEO plugin v21.1 - https:\/\/yoast.com\/wordpress\/plugins\/seo\/ -->\n<title>La mostra Straordinarie Protagoniste del presente inaugura al MAXXI di Roma<\/title>\n<meta name=\"description\" content=\"La mostra Straordinarie apre al pubblico il 13\/09 al MAXXI di Roma ed \u00e8 parte della campagna indifesa per i diritti delle bambine.\" \/>\n<meta name=\"robots\" content=\"index, follow, max-snippet:-1, max-image-preview:large, max-video-preview:-1\" \/>\n<link rel=\"canonical\" href=\"https:\/\/terredeshommes.it\/eng\/comunicati\/la-mostra-straordinarie-protagoniste-del-presente-inaugura-al-maxxi-di-roma\/\" \/>\n<meta property=\"og:locale\" content=\"en_US\" \/>\n<meta property=\"og:type\" content=\"article\" \/>\n<meta property=\"og:title\" content=\"La mostra Straordinarie Protagoniste del presente inaugura al MAXXI di Roma\" \/>\n<meta property=\"og:description\" content=\"La mostra Straordinarie apre al pubblico il 13\/09 al MAXXI di Roma ed \u00e8 parte della campagna indifesa per i diritti delle bambine.\" \/>\n<meta property=\"og:url\" content=\"https:\/\/terredeshommes.it\/eng\/comunicati\/la-mostra-straordinarie-protagoniste-del-presente-inaugura-al-maxxi-di-roma\/\" \/>\n<meta property=\"og:site_name\" content=\"Terre des Hommes Italia\" \/>\n<meta property=\"article:published_time\" content=\"2023-09-05T15:13:17+00:00\" \/>\n<meta property=\"article:modified_time\" content=\"2023-09-11T15:48:41+00:00\" \/>\n<meta property=\"og:image\" content=\"https:\/\/terredeshommes.it\/eng\/wp-content\/uploads\/straordinarie_1920_1080_2.png\" \/>\n\t<meta property=\"og:image:width\" content=\"1920\" \/>\n\t<meta property=\"og:image:height\" content=\"1080\" \/>\n\t<meta property=\"og:image:type\" content=\"image\/png\" \/>\n<meta name=\"author\" content=\"Anna Bianchi\" \/>\n<meta name=\"twitter:card\" content=\"summary_large_image\" \/>\n<meta name=\"twitter:label1\" content=\"Written by\" \/>\n\t<meta name=\"twitter:data1\" content=\"Anna Bianchi\" \/>\n\t<meta name=\"twitter:label2\" content=\"Est. reading time\" \/>\n\t<meta name=\"twitter:data2\" content=\"3 minutes\" \/>\n<script type=\"application\/ld+json\" class=\"yoast-schema-graph\">{\"@context\":\"https:\/\/schema.org\",\"@graph\":[{\"@type\":\"WebPage\",\"@id\":\"https:\/\/terredeshommes.it\/eng\/comunicati\/la-mostra-straordinarie-protagoniste-del-presente-inaugura-al-maxxi-di-roma\/\",\"url\":\"https:\/\/terredeshommes.it\/eng\/comunicati\/la-mostra-straordinarie-protagoniste-del-presente-inaugura-al-maxxi-di-roma\/\",\"name\":\"La mostra Straordinarie Protagoniste del presente inaugura al MAXXI di Roma\",\"isPartOf\":{\"@id\":\"https:\/\/terredeshommes.it\/eng\/#website\"},\"datePublished\":\"2023-09-05T15:13:17+00:00\",\"dateModified\":\"2023-09-11T15:48:41+00:00\",\"author\":{\"@id\":\"https:\/\/terredeshommes.it\/eng\/#\/schema\/person\/dbba823406adc60a974a3434150e38d5\"},\"description\":\"La mostra Straordinarie apre al pubblico il 13\/09 al MAXXI di Roma ed \u00e8 parte della campagna indifesa per i diritti delle bambine.\",\"breadcrumb\":{\"@id\":\"https:\/\/terredeshommes.it\/eng\/comunicati\/la-mostra-straordinarie-protagoniste-del-presente-inaugura-al-maxxi-di-roma\/#breadcrumb\"},\"inLanguage\":\"en-US\",\"potentialAction\":[{\"@type\":\"ReadAction\",\"target\":[\"https:\/\/terredeshommes.it\/eng\/comunicati\/la-mostra-straordinarie-protagoniste-del-presente-inaugura-al-maxxi-di-roma\/\"]}]},{\"@type\":\"BreadcrumbList\",\"@id\":\"https:\/\/terredeshommes.it\/eng\/comunicati\/la-mostra-straordinarie-protagoniste-del-presente-inaugura-al-maxxi-di-roma\/#breadcrumb\",\"itemListElement\":[{\"@type\":\"ListItem\",\"position\":1,\"name\":\"Home\",\"item\":\"https:\/\/terredeshommes.it\/eng\/\"},{\"@type\":\"ListItem\",\"position\":2,\"name\":\"La mostra Straordinarie Protagoniste del presente inaugura al MAXXI di Roma\"}]},{\"@type\":\"WebSite\",\"@id\":\"https:\/\/terredeshommes.it\/eng\/#website\",\"url\":\"https:\/\/terredeshommes.it\/eng\/\",\"name\":\"Terre des Hommes Italia\",\"description\":\"Proteggiamo i bambini insieme\",\"potentialAction\":[{\"@type\":\"SearchAction\",\"target\":{\"@type\":\"EntryPoint\",\"urlTemplate\":\"https:\/\/terredeshommes.it\/eng\/?s={search_term_string}\"},\"query-input\":\"required name=search_term_string\"}],\"inLanguage\":\"en-US\"},{\"@type\":\"Person\",\"@id\":\"https:\/\/terredeshommes.it\/eng\/#\/schema\/person\/dbba823406adc60a974a3434150e38d5\",\"name\":\"Anna Bianchi\",\"url\":\"https:\/\/terredeshommes.it\/eng\/author\/a-bianchitdhitaly-org\/\"}]}<\/script>\n<!-- \/ Yoast SEO plugin. -->","yoast_head_json":{"title":"La mostra Straordinarie Protagoniste del presente inaugura al MAXXI di Roma","description":"La mostra Straordinarie apre al pubblico il 13\/09 al MAXXI di Roma ed \u00e8 parte della campagna indifesa per i diritti delle bambine.","robots":{"index":"index","follow":"follow","max-snippet":"max-snippet:-1","max-image-preview":"max-image-preview:large","max-video-preview":"max-video-preview:-1"},"canonical":"https:\/\/terredeshommes.it\/eng\/comunicati\/la-mostra-straordinarie-protagoniste-del-presente-inaugura-al-maxxi-di-roma\/","og_locale":"en_US","og_type":"article","og_title":"La mostra Straordinarie Protagoniste del presente inaugura al MAXXI di Roma","og_description":"La mostra Straordinarie apre al pubblico il 13\/09 al MAXXI di Roma ed \u00e8 parte della campagna indifesa per i diritti delle bambine.","og_url":"https:\/\/terredeshommes.it\/eng\/comunicati\/la-mostra-straordinarie-protagoniste-del-presente-inaugura-al-maxxi-di-roma\/","og_site_name":"Terre des Hommes Italia","article_published_time":"2023-09-05T15:13:17+00:00","article_modified_time":"2023-09-11T15:48:41+00:00","og_image":[{"width":1920,"height":1080,"url":"https:\/\/terredeshommes.it\/eng\/wp-content\/uploads\/straordinarie_1920_1080_2.png","type":"image\/png"}],"author":"Anna Bianchi","twitter_card":"summary_large_image","twitter_misc":{"Written by":"Anna Bianchi","Est. reading time":"3 minutes"},"schema":{"@context":"https:\/\/schema.org","@graph":[{"@type":"WebPage","@id":"https:\/\/terredeshommes.it\/eng\/comunicati\/la-mostra-straordinarie-protagoniste-del-presente-inaugura-al-maxxi-di-roma\/","url":"https:\/\/terredeshommes.it\/eng\/comunicati\/la-mostra-straordinarie-protagoniste-del-presente-inaugura-al-maxxi-di-roma\/","name":"La mostra Straordinarie Protagoniste del presente inaugura al MAXXI di Roma","isPartOf":{"@id":"https:\/\/terredeshommes.it\/eng\/#website"},"datePublished":"2023-09-05T15:13:17+00:00","dateModified":"2023-09-11T15:48:41+00:00","author":{"@id":"https:\/\/terredeshommes.it\/eng\/#\/schema\/person\/dbba823406adc60a974a3434150e38d5"},"description":"La mostra Straordinarie apre al pubblico il 13\/09 al MAXXI di Roma ed \u00e8 parte della campagna indifesa per i diritti delle bambine.","breadcrumb":{"@id":"https:\/\/terredeshommes.it\/eng\/comunicati\/la-mostra-straordinarie-protagoniste-del-presente-inaugura-al-maxxi-di-roma\/#breadcrumb"},"inLanguage":"en-US","potentialAction":[{"@type":"ReadAction","target":["https:\/\/terredeshommes.it\/eng\/comunicati\/la-mostra-straordinarie-protagoniste-del-presente-inaugura-al-maxxi-di-roma\/"]}]},{"@type":"BreadcrumbList","@id":"https:\/\/terredeshommes.it\/eng\/comunicati\/la-mostra-straordinarie-protagoniste-del-presente-inaugura-al-maxxi-di-roma\/#breadcrumb","itemListElement":[{"@type":"ListItem","position":1,"name":"Home","item":"https:\/\/terredeshommes.it\/eng\/"},{"@type":"ListItem","position":2,"name":"La mostra Straordinarie Protagoniste del presente inaugura al MAXXI di Roma"}]},{"@type":"WebSite","@id":"https:\/\/terredeshommes.it\/eng\/#website","url":"https:\/\/terredeshommes.it\/eng\/","name":"Terre des Hommes Italia","description":"Proteggiamo i bambini insieme","potentialAction":[{"@type":"SearchAction","target":{"@type":"EntryPoint","urlTemplate":"https:\/\/terredeshommes.it\/eng\/?s={search_term_string}"},"query-input":"required name=search_term_string"}],"inLanguage":"en-US"},{"@type":"Person","@id":"https:\/\/terredeshommes.it\/eng\/#\/schema\/person\/dbba823406adc60a974a3434150e38d5","name":"Anna Bianchi","url":"https:\/\/terredeshommes.it\/eng\/author\/a-bianchitdhitaly-org\/"}]}},"_links":{"self":[{"href":"https:\/\/terredeshommes.it\/eng\/wp-json\/wp\/v2\/posts\/7908","targetHints":{"allow":["GET"]}}],"collection":[{"href":"https:\/\/terredeshommes.it\/eng\/wp-json\/wp\/v2\/posts"}],"about":[{"href":"https:\/\/terredeshommes.it\/eng\/wp-json\/wp\/v2\/types\/post"}],"author":[{"embeddable":true,"href":"https:\/\/terredeshommes.it\/eng\/wp-json\/wp\/v2\/users\/6"}],"replies":[{"embeddable":true,"href":"https:\/\/terredeshommes.it\/eng\/wp-json\/wp\/v2\/comments?post=7908"}],"version-history":[{"count":10,"href":"https:\/\/terredeshommes.it\/eng\/wp-json\/wp\/v2\/posts\/7908\/revisions"}],"predecessor-version":[{"id":7990,"href":"https:\/\/terredeshommes.it\/eng\/wp-json\/wp\/v2\/posts\/7908\/revisions\/7990"}],"wp:featuredmedia":[{"embeddable":true,"href":"https:\/\/terredeshommes.it\/eng\/wp-json\/wp\/v2\/media\/7904"}],"wp:attachment":[{"href":"https:\/\/terredeshommes.it\/eng\/wp-json\/wp\/v2\/media?parent=7908"}],"wp:term":[{"taxonomy":"category","embeddable":true,"href":"https:\/\/terredeshommes.it\/eng\/wp-json\/wp\/v2\/categories?post=7908"},{"taxonomy":"post_tag","embeddable":true,"href":"https:\/\/terredeshommes.it\/eng\/wp-json\/wp\/v2\/tags?post=7908"}],"curies":[{"name":"wp","href":"https:\/\/api.w.org\/{rel}","templated":true}]}}