{"id":7917,"date":"2023-08-31T10:39:15","date_gmt":"2023-08-31T08:39:15","guid":{"rendered":"https:\/\/terredeshommes.it\/?p=7917"},"modified":"2023-09-20T10:20:47","modified_gmt":"2023-09-20T08:20:47","slug":"presentazione-della-prima-indagine-italiana-sui-bambini-e-bambine-vittime-di-shaken-baby-syndrome","status":"publish","type":"post","link":"https:\/\/terredeshommes.it\/eng\/comunicati\/presentazione-della-prima-indagine-italiana-sui-bambini-e-bambine-vittime-di-shaken-baby-syndrome\/","title":{"rendered":"Presentazione della prima indagine italiana sui bambini e bambine vittime di Shaken Baby Syndrome"},"content":{"rendered":"<p>[et_pb_section fb_built=&#8221;1&#8243; _builder_version=&#8221;4.16&#8243; global_colors_info=&#8221;{}&#8221;][et_pb_row _builder_version=&#8221;4.16&#8243; background_size=&#8221;initial&#8221; background_position=&#8221;top_left&#8221; background_repeat=&#8221;repeat&#8221; min_height=&#8221;1568px&#8221; global_colors_info=&#8221;{}&#8221;][et_pb_column type=&#8221;4_4&#8243; _builder_version=&#8221;4.16&#8243; custom_padding=&#8221;|||&#8221; global_colors_info=&#8221;{}&#8221; custom_padding__hover=&#8221;|||&#8221;][et_pb_text _builder_version=&#8221;4.18.0&#8243; background_size=&#8221;initial&#8221; background_position=&#8221;top_left&#8221; background_repeat=&#8221;repeat&#8221; hover_enabled=&#8221;0&#8243; global_colors_info=&#8221;{}&#8221; sticky_enabled=&#8221;0&#8243;]<\/p>\n<p><strong>21 settembre h10.00 &#8211; 13.00<\/strong><\/p>\n<p><strong> <\/strong>Sala del Parlamentino &#8211; Autorit\u00e0 Garante Infanzia e Adolescenza<\/p>\n<p>Via di Villa Ruffo, 6 &#8211; ROMA<\/p>\n<p style=\"text-align: justify;\">La conferenza sar\u00e0 l\u2019occasione per presentare il primo studio quali quantitativo realizzato in Italia sulla <strong>Shaken Baby Syndrome<\/strong>, una tipologia di maltrattamento infantile <strong>gravissima ma poco conosciuta, una forma di trauma cranico causato da scuotimento violento<\/strong>, che nei bambini e bambine nei primi mesi di vita pu\u00f2 causare gravi danni cerebrali, fino alla morte.<\/p>\n<p style=\"text-align: justify;\">La ricerca \u00e8 frutto della preziosa collaborazione tra <a href=\"https:\/\/terredeshommes.it\/eng\/\" target=\"_blank\" rel=\"noopener\">Fondazione Terre des Hommes Italia<\/a> e la <strong>Rete Ospedaliera per la Prevenzione del Maltrattamento all\u2019Infanzia*<\/strong>, che la Fondazione ha creato e che, ad oggi, conta un gruppo di eccellenze ospedaliere in prima linea nell\u2019intercettazione, diagnosi e cura del maltrattamento.<\/p>\n<p style=\"text-align: justify;\">La conferenza \u00e8 organizzata in collaborazione con l\u2019<strong>AGIA <\/strong>che patrocina il lavoro ricerca, ed ha inoltre ottenuto il patrocinio di <strong>AOPI<\/strong> (Associazione Ospedali Pediatrici Italiani) <strong>SIMEUP<\/strong> (Societ\u00e0 Italiana di Medicina di Emergenza ed Emergenza Pediatrica) <strong>SIP<\/strong> (Societ\u00e0 Italiana di Pediatria) e <strong>CNR<\/strong> (Consiglio Nazionale delle Ricerche).<\/p>\n<h3 style=\"text-align: justify;\"><strong>il programma della conferenza\u00a0<\/strong><\/h3>\n<p><span style=\"color: #ff6600;\"><em>Saluti istituzionali<\/em><\/span><\/p>\n<p><strong>Carla Garlatti<\/strong>, Garante Autorit\u00e0 Garante per l\u2019Infanzia e l\u2019Adolescenza<\/p>\n<p><strong>Benedetta Armocida<\/strong>, Lancet Commission on GBV and Child Maltreatment (Italian case Study)<\/p>\n<p><span style=\"color: #ff6600;\"><em>Intervengono<\/em><\/span><\/p>\n<p><strong>Federica Giannotta<\/strong>, Responsabile Advocacy e Programmi Italia &#8211; Fondazione Terre des Hommes Italia<\/p>\n<p><strong>Emanuela Piccotti<\/strong>, Responsabile Gruppo Multidisciplinare per la protezione Infanzia &#8220;Casa sull&#8217;albero &#8211; Istituto Giannina Gaslini di Genova<\/p>\n<p><strong>Barbara Lauria<\/strong>, Responsabile Servizio Bambi, <em>Ospedale Regina Margherita di Torino<\/em><\/p>\n<p><strong>Stefania Losi,<\/strong> Responsabile GAIA, Azienda Ospedaliera Universitaria IRCCS Meyer di Firenze<\/p>\n<p><strong>Vincenzo Tipo<\/strong>, Primario Pronto Soccorso<em> \u2019Ospedale Santobono &#8211; A.O.R.N. Santobono \u2013 Pausilipon Napoli<\/em><\/p>\n<p><strong>Cristina Cattaneo<\/strong>, Responsabile LABANOF Laboratorio di Antropologia e Odontologia Forense UNIMI<\/p>\n<p><strong>Melissa Rosa Rizzotto<\/strong>, Centro Regionale per la Diagnostica del Bambino Maltrattato \u2013 Azienda Ospedaliera Universitaria di Padova<\/p>\n<p><span style=\"color: #ff6600;\">\u00a0<\/span><em><span style=\"color: #ff6600;\">Il futuro della Campagna. Alleanze &#8211; coordina Paolo Ferrara, Direttore Generale Terre des Hommes Italia<\/span><\/em><\/p>\n<p><strong>AOPI\u00a0<\/strong>Associazione Ospedali Pediatrici Italiani, Rodolfo Conenna &#8211; Vicepresidente**<\/p>\n<p><strong>Impresa Sociale Con i Bambini<\/strong>, Simona Rotondi &#8211; Vice Coordinatrice Bandi e iniziative;<\/p>\n<p><strong>SIMEUP<\/strong> Societ\u00e0 italiana di medicina di emergenza e urgenza pediatrica, Stefania Zampogna &#8211; Presidente;<\/p>\n<p><strong>CNR <\/strong>Consiglio Nazionale delle Ricerche, Enrico Parano &#8211; Responsabile IRIB Catania;<\/p>\n<p><strong>SIP <\/strong>Societ\u00e0 Italiana di Pediatria, Pietro Ferrara &#8211; Referente SIP Abuso e maltrattamento sui bambini;<\/p>\n<p><strong>ANPAS <\/strong>Nazionale &#8211; Associazione Nazionale Pubbliche Assistenze, Niccol\u00f2 Mancini &#8211; Presidente**<\/p>\n<p>&nbsp;<\/p>\n<p style=\"text-align: justify;\">**In attesa di conferma<\/p>\n<p style=\"text-align: justify;\">* Fanno parte della Rete: <strong>Ospedale Infantile Regina Margherita <\/strong>di Torino, <strong>Ospedale Vittore Buzzi<\/strong> di Milano, <strong>Azienda Ospedaliera Universitaria di Padova<\/strong>, <strong>IRCC<\/strong> <strong>Istituto Giannina Gaslini<\/strong> di Genova, <strong>Azienda Ospedaliera Universitaria Meyer IRCCS<\/strong> di Firenze, <strong>Azienda Ospedaliero Universitaria Policlinico Giovanni XXIII<\/strong> di Bari, inoltre alla rilevazione ha partecipato anche <strong>l\u2019Ospedale Santobono &#8211; A.O.R.N. Santobono-Pausilipon<\/strong> di Napoli.<\/p>\n<p style=\"text-align: justify;\">Sono previsti crediti formativi per le professioni sanitarie.<\/p>\n<p>Il numero di posti in sala \u00e8 limitato, si chiede gentilmente di confermare la propria partecipazione all&#8217;indirizzo mail: <a href=\"mailto:Conferenza.Roma@tdhitaly.org\">Conferenza.Roma@tdhitaly.org<\/a><\/p>\n<p>Ai giornalisti si richiede gentilmente di accreditarsi inviando nome, cognome, luogo e data di nascita e testata giornalistica a <strong>Anna Bianchi\u00a0 <\/strong><a href=\"mailto:a.bianchi@tdhitaly.org\"><strong>a.bianchi@tdhitaly.org<\/strong><\/a><strong> +393341691927<\/strong><\/p>\n<p>[\/et_pb_text][\/et_pb_column][\/et_pb_row][\/et_pb_section]<\/p>\n","protected":false},"excerpt":{"rendered":"<p>21 settembre h10.00 &#8211; 13.00 Sala del Parlamentino &#8211; Autorit\u00e0 Garante Infanzia e Adolescenza Via di Villa Ruffo, 6 &#8211; ROMA La conferenza sar\u00e0 l\u2019occasione per presentare il primo studio quali quantitativo realizzato in Italia sulla Shaken Baby Syndrome, una tipologia di maltrattamento infantile gravissima ma poco conosciuta, una forma di trauma cranico causato da [&hellip;]<\/p>\n","protected":false},"author":6,"featured_media":7928,"comment_status":"closed","ping_status":"closed","sticky":false,"template":"","format":"standard","meta":{"_et_pb_use_builder":"on","_et_pb_old_content":"<p>Tra poco saranno 11 gli anni che Mira festegger\u00e0, ma quest\u2019anno il suo compleanno promette di essere un\u2019occasione di festa pi\u00f9 grande del passato.<br \/><strong>Mira \u00e8 una bambina siriana rifugiata<\/strong> con la sua famiglia a Byblos, in Libano, <strong>ed \u00e8 nata con una disabilit\u00e0 fisica<\/strong> che le impedisce salire le scale e che le provoca una notevole zoppia mentre cammina.<br \/>Finora <strong>questa condizione le ha reso pi\u00f9 difficile frequentare la scuola e partecipare alle attivit\u00e0 con gli altri bambini<\/strong>.<br \/>A causa della sua disabilit\u00e0 <strong>nella scuola precedente aveva subito episodi di bullismo, che avevano ulteriormente compromesso la sua autostima<\/strong>.<\/p><h2>Uno spazio protetto dal bullismo<\/h2><p>Tuttavia, <strong>le cose sono cambiate quando ha cominciato a frequentare i corsi di alfabetizzazione e aritmetica di base offerti dal progetto Redeem<\/strong> di Terre des Hommes Italia con fondi dell\u2019<a href=\"https:\/\/www.aics.gov.it\/\" target=\"_blank\" rel=\"noopener\">Agenzia Italiana per la Cooperazione allo sviluppo<\/a>.<br \/><strong>Nel centro educativo ha trovato uno spazio protetto e inclusivo<\/strong>, dove gli operatori hanno seguito da vicino lei e i suoi genitori per capire quali fossero effettivamente le esigenze di Mira.<\/p><p><strong>Quando Mira ha espresso i suoi timori di essere di nuovo bullizzata, sono state intraprese azioni immediate e sono state organizzate sessioni di sensibilizzazione su questo tema con tutti i suoi compagni.<\/strong> Ci\u00f2 ha avuto un ruolo fondamentale nel rafforzare la sua fiducia in se stessa.<br \/>Le \u00e8 stato assicurato che <strong>il centro \u00e8 uno spazio sicuro dove potersi esprimersi e dove la sua disabilit\u00e0 non sar\u00e0 d\u2019ostacolo per partecipare a tutte le attivit\u00e0 e a interagire con i suoi coetanei<\/strong>.<\/p><h2>Una chance educativa anche per la mamma<\/h2><p>Ma non basta. <strong>Gli operatori del progetto hanno pensato di dare un\u2019opportunit\u00e0 di formazione alla madre di Mira<\/strong> e dei suoi 6 fratelli, <strong>Alya. <\/strong><\/p><p><strong>Prima la donna non aveva mai frequentato la scuola e raramente si avventurava fuori casa<\/strong>. Adesso Alya partecipa al programma di alfabetizzazione per adulti e perci\u00f2 ha iniziato a frequentare lo stesso centro della figlia.<\/p><p><img class=\"alignnone size-large wp-image-6862\" src=\"https:\/\/terredeshommes.it\/eng\/wp-content\/uploads\/AICS-REDEEM-Adult-Literacy-June-2023-1-1024x575.jpg\" alt=\"\" width=\"1024\" height=\"575\" \/><br \/><strong>In questo modo ha la possibilit\u00e0 di imparare le lingue e di confrontarsi con gli altri genitori della classe<\/strong>. Anche i trasporti per arrivare al centro sono forniti dal progetto.<\/p><p>\u201c<em>Mira adesso \u00e8 visibilmente pi\u00f9 sicura di s\u00e9 ed \u00e8 molto felice di andare al centro. Anch\u2019io posso dire lo stesso, <strong>sento che sto partecipando attivamente all\u2019educazione di mia figlia<\/strong>, anche attraverso il corso per adulti, che mi ha fatto conoscere tante donne nella mia stessa condizione<\/em>\u201d, ci ha detto la madre. \u201c<em>Insomma n\u00e9 l\u2019et\u00e0 n\u00e9 la disabilit\u00e0 sono dei veri ostacoli per per migliorare la propria istruzione<\/em>\u201d<\/p><p>Il progetto \"<strong>Redeem: Rafforzare i meccanismi educativi, di protezione e di empowerment comunitario nelle aree vulnerabili del Monte Libano<\/strong>\", ha coinvolto <strong>pi\u00f9 di 150 bambini e 75 genitori <\/strong>in attivit\u00e0 educative con l'obiettivo di fornire ai bambini le competenze fondamentali di lettura e scrittura e aiutare i genitori a contribuire attivamente al loro percorso educativo.<br \/>Il progetto \u00e8 realizzato da Terre des Hommes Italia in Libano in collaborazione con <a href=\"https:\/\/www.instagram.com\/hoopsclub.ofcl\/\" target=\"_blank\" rel=\"noopener\">Hoops Club<\/a> e finanziato da <a href=\"https:\/\/www.aics.gov.it\/\" target=\"_blank\" rel=\"noopener\">AICS<\/a>.<\/p>","_et_gb_content_width":"","footnotes":""},"categories":[16],"tags":[],"class_list":["post-7917","post","type-post","status-publish","format-standard","has-post-thumbnail","hentry","category-comunicati"],"yoast_head":"<!-- This site is optimized with the Yoast SEO plugin v21.1 - https:\/\/yoast.com\/wordpress\/plugins\/seo\/ -->\n<title>Presentazione della prima indagine italiana sui bambini e bambine vittime di Shaken Baby Syndrome<\/title>\n<meta name=\"description\" content=\"Il 21 settembre sar\u00e0 presentata la prima indagine italiana sui casi di bambini e bambine vittime di shaken baby syndrome\" \/>\n<meta name=\"robots\" content=\"index, follow, max-snippet:-1, max-image-preview:large, max-video-preview:-1\" \/>\n<link rel=\"canonical\" href=\"https:\/\/terredeshommes.it\/eng\/comunicati\/presentazione-della-prima-indagine-italiana-sui-bambini-e-bambine-vittime-di-shaken-baby-syndrome\/\" \/>\n<meta property=\"og:locale\" content=\"en_US\" \/>\n<meta property=\"og:type\" content=\"article\" \/>\n<meta property=\"og:title\" content=\"Presentazione della prima indagine italiana sui bambini e bambine vittime di Shaken Baby Syndrome\" \/>\n<meta property=\"og:description\" content=\"Il 21 settembre sar\u00e0 presentata la prima indagine italiana sui casi di bambini e bambine vittime di shaken baby syndrome\" \/>\n<meta property=\"og:url\" content=\"https:\/\/terredeshommes.it\/eng\/comunicati\/presentazione-della-prima-indagine-italiana-sui-bambini-e-bambine-vittime-di-shaken-baby-syndrome\/\" \/>\n<meta property=\"og:site_name\" content=\"Terre des Hommes Italia\" \/>\n<meta property=\"article:published_time\" content=\"2023-08-31T08:39:15+00:00\" \/>\n<meta property=\"article:modified_time\" content=\"2023-09-20T08:20:47+00:00\" \/>\n<meta property=\"og:image\" content=\"https:\/\/terredeshommes.it\/eng\/wp-content\/uploads\/visual-presentazione-shaken-1.jpg\" \/>\n\t<meta property=\"og:image:width\" content=\"1916\" \/>\n\t<meta property=\"og:image:height\" content=\"897\" \/>\n\t<meta property=\"og:image:type\" content=\"image\/jpeg\" \/>\n<meta name=\"author\" content=\"Anna Bianchi\" \/>\n<meta name=\"twitter:card\" content=\"summary_large_image\" \/>\n<meta name=\"twitter:label1\" content=\"Written by\" \/>\n\t<meta name=\"twitter:data1\" content=\"Anna Bianchi\" \/>\n\t<meta name=\"twitter:label2\" content=\"Est. reading time\" \/>\n\t<meta name=\"twitter:data2\" content=\"3 minutes\" \/>\n<script type=\"application\/ld+json\" class=\"yoast-schema-graph\">{\"@context\":\"https:\/\/schema.org\",\"@graph\":[{\"@type\":\"WebPage\",\"@id\":\"https:\/\/terredeshommes.it\/eng\/comunicati\/presentazione-della-prima-indagine-italiana-sui-bambini-e-bambine-vittime-di-shaken-baby-syndrome\/\",\"url\":\"https:\/\/terredeshommes.it\/eng\/comunicati\/presentazione-della-prima-indagine-italiana-sui-bambini-e-bambine-vittime-di-shaken-baby-syndrome\/\",\"name\":\"Presentazione della prima indagine italiana sui bambini e bambine vittime di Shaken Baby Syndrome\",\"isPartOf\":{\"@id\":\"https:\/\/terredeshommes.it\/eng\/#website\"},\"datePublished\":\"2023-08-31T08:39:15+00:00\",\"dateModified\":\"2023-09-20T08:20:47+00:00\",\"author\":{\"@id\":\"https:\/\/terredeshommes.it\/eng\/#\/schema\/person\/dbba823406adc60a974a3434150e38d5\"},\"description\":\"Il 21 settembre sar\u00e0 presentata la prima indagine italiana sui casi di bambini e bambine vittime di shaken baby syndrome\",\"breadcrumb\":{\"@id\":\"https:\/\/terredeshommes.it\/eng\/comunicati\/presentazione-della-prima-indagine-italiana-sui-bambini-e-bambine-vittime-di-shaken-baby-syndrome\/#breadcrumb\"},\"inLanguage\":\"en-US\",\"potentialAction\":[{\"@type\":\"ReadAction\",\"target\":[\"https:\/\/terredeshommes.it\/eng\/comunicati\/presentazione-della-prima-indagine-italiana-sui-bambini-e-bambine-vittime-di-shaken-baby-syndrome\/\"]}]},{\"@type\":\"BreadcrumbList\",\"@id\":\"https:\/\/terredeshommes.it\/eng\/comunicati\/presentazione-della-prima-indagine-italiana-sui-bambini-e-bambine-vittime-di-shaken-baby-syndrome\/#breadcrumb\",\"itemListElement\":[{\"@type\":\"ListItem\",\"position\":1,\"name\":\"Home\",\"item\":\"https:\/\/terredeshommes.it\/eng\/\"},{\"@type\":\"ListItem\",\"position\":2,\"name\":\"Presentazione della prima indagine italiana sui bambini e bambine vittime di Shaken Baby Syndrome\"}]},{\"@type\":\"WebSite\",\"@id\":\"https:\/\/terredeshommes.it\/eng\/#website\",\"url\":\"https:\/\/terredeshommes.it\/eng\/\",\"name\":\"Terre des Hommes Italia\",\"description\":\"Proteggiamo i bambini insieme\",\"potentialAction\":[{\"@type\":\"SearchAction\",\"target\":{\"@type\":\"EntryPoint\",\"urlTemplate\":\"https:\/\/terredeshommes.it\/eng\/?s={search_term_string}\"},\"query-input\":\"required name=search_term_string\"}],\"inLanguage\":\"en-US\"},{\"@type\":\"Person\",\"@id\":\"https:\/\/terredeshommes.it\/eng\/#\/schema\/person\/dbba823406adc60a974a3434150e38d5\",\"name\":\"Anna Bianchi\",\"url\":\"https:\/\/terredeshommes.it\/eng\/author\/a-bianchitdhitaly-org\/\"}]}<\/script>\n<!-- \/ Yoast SEO plugin. -->","yoast_head_json":{"title":"Presentazione della prima indagine italiana sui bambini e bambine vittime di Shaken Baby Syndrome","description":"Il 21 settembre sar\u00e0 presentata la prima indagine italiana sui casi di bambini e bambine vittime di shaken baby syndrome","robots":{"index":"index","follow":"follow","max-snippet":"max-snippet:-1","max-image-preview":"max-image-preview:large","max-video-preview":"max-video-preview:-1"},"canonical":"https:\/\/terredeshommes.it\/eng\/comunicati\/presentazione-della-prima-indagine-italiana-sui-bambini-e-bambine-vittime-di-shaken-baby-syndrome\/","og_locale":"en_US","og_type":"article","og_title":"Presentazione della prima indagine italiana sui bambini e bambine vittime di Shaken Baby Syndrome","og_description":"Il 21 settembre sar\u00e0 presentata la prima indagine italiana sui casi di bambini e bambine vittime di shaken baby syndrome","og_url":"https:\/\/terredeshommes.it\/eng\/comunicati\/presentazione-della-prima-indagine-italiana-sui-bambini-e-bambine-vittime-di-shaken-baby-syndrome\/","og_site_name":"Terre des Hommes Italia","article_published_time":"2023-08-31T08:39:15+00:00","article_modified_time":"2023-09-20T08:20:47+00:00","og_image":[{"width":1916,"height":897,"url":"https:\/\/terredeshommes.it\/eng\/wp-content\/uploads\/visual-presentazione-shaken-1.jpg","type":"image\/jpeg"}],"author":"Anna Bianchi","twitter_card":"summary_large_image","twitter_misc":{"Written by":"Anna Bianchi","Est. reading time":"3 minutes"},"schema":{"@context":"https:\/\/schema.org","@graph":[{"@type":"WebPage","@id":"https:\/\/terredeshommes.it\/eng\/comunicati\/presentazione-della-prima-indagine-italiana-sui-bambini-e-bambine-vittime-di-shaken-baby-syndrome\/","url":"https:\/\/terredeshommes.it\/eng\/comunicati\/presentazione-della-prima-indagine-italiana-sui-bambini-e-bambine-vittime-di-shaken-baby-syndrome\/","name":"Presentazione della prima indagine italiana sui bambini e bambine vittime di Shaken Baby Syndrome","isPartOf":{"@id":"https:\/\/terredeshommes.it\/eng\/#website"},"datePublished":"2023-08-31T08:39:15+00:00","dateModified":"2023-09-20T08:20:47+00:00","author":{"@id":"https:\/\/terredeshommes.it\/eng\/#\/schema\/person\/dbba823406adc60a974a3434150e38d5"},"description":"Il 21 settembre sar\u00e0 presentata la prima indagine italiana sui casi di bambini e bambine vittime di shaken baby syndrome","breadcrumb":{"@id":"https:\/\/terredeshommes.it\/eng\/comunicati\/presentazione-della-prima-indagine-italiana-sui-bambini-e-bambine-vittime-di-shaken-baby-syndrome\/#breadcrumb"},"inLanguage":"en-US","potentialAction":[{"@type":"ReadAction","target":["https:\/\/terredeshommes.it\/eng\/comunicati\/presentazione-della-prima-indagine-italiana-sui-bambini-e-bambine-vittime-di-shaken-baby-syndrome\/"]}]},{"@type":"BreadcrumbList","@id":"https:\/\/terredeshommes.it\/eng\/comunicati\/presentazione-della-prima-indagine-italiana-sui-bambini-e-bambine-vittime-di-shaken-baby-syndrome\/#breadcrumb","itemListElement":[{"@type":"ListItem","position":1,"name":"Home","item":"https:\/\/terredeshommes.it\/eng\/"},{"@type":"ListItem","position":2,"name":"Presentazione della prima indagine italiana sui bambini e bambine vittime di Shaken Baby Syndrome"}]},{"@type":"WebSite","@id":"https:\/\/terredeshommes.it\/eng\/#website","url":"https:\/\/terredeshommes.it\/eng\/","name":"Terre des Hommes Italia","description":"Proteggiamo i bambini insieme","potentialAction":[{"@type":"SearchAction","target":{"@type":"EntryPoint","urlTemplate":"https:\/\/terredeshommes.it\/eng\/?s={search_term_string}"},"query-input":"required name=search_term_string"}],"inLanguage":"en-US"},{"@type":"Person","@id":"https:\/\/terredeshommes.it\/eng\/#\/schema\/person\/dbba823406adc60a974a3434150e38d5","name":"Anna Bianchi","url":"https:\/\/terredeshommes.it\/eng\/author\/a-bianchitdhitaly-org\/"}]}},"_links":{"self":[{"href":"https:\/\/terredeshommes.it\/eng\/wp-json\/wp\/v2\/posts\/7917","targetHints":{"allow":["GET"]}}],"collection":[{"href":"https:\/\/terredeshommes.it\/eng\/wp-json\/wp\/v2\/posts"}],"about":[{"href":"https:\/\/terredeshommes.it\/eng\/wp-json\/wp\/v2\/types\/post"}],"author":[{"embeddable":true,"href":"https:\/\/terredeshommes.it\/eng\/wp-json\/wp\/v2\/users\/6"}],"replies":[{"embeddable":true,"href":"https:\/\/terredeshommes.it\/eng\/wp-json\/wp\/v2\/comments?post=7917"}],"version-history":[{"count":17,"href":"https:\/\/terredeshommes.it\/eng\/wp-json\/wp\/v2\/posts\/7917\/revisions"}],"predecessor-version":[{"id":8069,"href":"https:\/\/terredeshommes.it\/eng\/wp-json\/wp\/v2\/posts\/7917\/revisions\/8069"}],"wp:featuredmedia":[{"embeddable":true,"href":"https:\/\/terredeshommes.it\/eng\/wp-json\/wp\/v2\/media\/7928"}],"wp:attachment":[{"href":"https:\/\/terredeshommes.it\/eng\/wp-json\/wp\/v2\/media?parent=7917"}],"wp:term":[{"taxonomy":"category","embeddable":true,"href":"https:\/\/terredeshommes.it\/eng\/wp-json\/wp\/v2\/categories?post=7917"},{"taxonomy":"post_tag","embeddable":true,"href":"https:\/\/terredeshommes.it\/eng\/wp-json\/wp\/v2\/tags?post=7917"}],"curies":[{"name":"wp","href":"https:\/\/api.w.org\/{rel}","templated":true}]}}