{"id":7954,"date":"2023-09-06T16:35:09","date_gmt":"2023-09-06T14:35:09","guid":{"rendered":"https:\/\/terredeshommes.it\/?p=7954"},"modified":"2023-09-18T14:58:33","modified_gmt":"2023-09-18T12:58:33","slug":"save-the-date-presentazione-del-nuovo-dossier-indifesa","status":"publish","type":"post","link":"https:\/\/terredeshommes.it\/eng\/comunicati\/save-the-date-presentazione-del-nuovo-dossier-indifesa\/","title":{"rendered":"Save the date &#8211; Presentazione del nuovo dossier indifesa"},"content":{"rendered":"<p>[et_pb_section fb_built=&#8221;1&#8243; _builder_version=&#8221;4.16&#8243; global_colors_info=&#8221;{}&#8221; theme_builder_area=&#8221;post_content&#8221;][et_pb_row _builder_version=&#8221;4.16&#8243; background_size=&#8221;initial&#8221; background_position=&#8221;top_left&#8221; background_repeat=&#8221;repeat&#8221; min_height=&#8221;1568px&#8221; global_colors_info=&#8221;{}&#8221; theme_builder_area=&#8221;post_content&#8221;][et_pb_column type=&#8221;4_4&#8243; _builder_version=&#8221;4.16&#8243; custom_padding=&#8221;|||&#8221; global_colors_info=&#8221;{}&#8221; custom_padding__hover=&#8221;|||&#8221; theme_builder_area=&#8221;post_content&#8221;][et_pb_text _builder_version=&#8221;4.18.0&#8243; background_size=&#8221;initial&#8221; background_position=&#8221;top_left&#8221; background_repeat=&#8221;repeat&#8221; global_colors_info=&#8221;{}&#8221; theme_builder_area=&#8221;post_content&#8221;]<\/p>\n<p><strong>6 ottobre 2023<\/strong><\/p>\n<p><strong>Ore 10.00 \u2013 11.30<\/strong><\/p>\n<p><strong><a href=\"https:\/\/www.maxxi.art\/\" target=\"_blank\" rel=\"noopener\">MAXXI Museo delle Arti del XXI secolo<\/a><br \/><\/strong><strong>Sala dell\u2019auditorium<\/strong><\/p>\n<p>Presentazione della <a href=\"https:\/\/terredeshommes.it\/eng\/indifesa\/aiuta-una-bambina-indifesa\/\" target=\"_blank\" rel=\"noopener\">XII Edizione del Dossier <span style=\"color: #ff6600;\"><strong>in<\/strong><\/span><\/a><strong><span style=\"color: #000000;\"><a href=\"https:\/\/terredeshommes.it\/eng\/indifesa\/aiuta-una-bambina-indifesa\/\" target=\"_blank\" rel=\"noopener\" style=\"color: #000000;\">difesa<\/a><\/span> La condizione delle bambine e delle ragazze nel mondo <\/strong><\/p>\n<p><span style=\"color: #ff6600;\">Modera:<\/span> <strong><em>Paolo Ferrara,<\/em><\/strong> <em>Direttore Generale di Terre des Hommes Italia<\/em><\/p>\n<p><span style=\"color: #ff6600;\">Saluti istituzionali:<\/span><\/p>\n<p style=\"padding-left: 40px;\"><strong><em>Carla Garlatti<\/em><\/strong><em>, Autorit\u00e0 Garante per l\u2019Infanzia e l\u2019Adolescenza<\/em><\/p>\n<p style=\"padding-left: 40px;\"><strong><em>Donatella Vergari,<\/em><\/strong><em> Presidente Terre des Hommes Italia <\/em><\/p>\n<p><span style=\"color: #ff6600;\">Dossier <strong>in<span style=\"color: #000000;\">difesa<\/span><\/strong>: presentazione in anteprima dei dati sui Reati vs i minori \u00a0<\/span><\/p>\n<p style=\"padding-left: 40px;\"><strong><em>Federica Giannotta<\/em><\/strong><em>, Responsabile Advocacy e Programmi Italia Terre des Hommes<\/em><\/p>\n<p style=\"padding-left: 40px;\"><strong><em>Stefano Delfini<\/em><\/strong><em>,<\/em> <em>Direttore del Servizio Analisi Criminale, Dirigente Superiore della Polizia di Stato<\/em><\/p>\n<p><span style=\"color: #ff6600;\">Dossier <strong>in<span style=\"color: #000000;\">difesa<\/span><\/strong>: la condizione delle bambine e delle ragazze nel mondo<\/span><\/p>\n<p style=\"padding-left: 40px;\"><em>Le conseguenze della guerra su donne, bambine e ragazze<\/em><em>:<strong> Oleksandra Romantsova <\/strong>&#8211; <\/em><em>Executive Director del Center for Civic Liberties, Premio Nobel per la Pace 2022<\/em><\/p>\n<p style=\"padding-left: 40px;\"><em>Le conseguenze del cambiamento climatico sulle bambine e ragazze:<\/em> <strong><em>Irene Gonzales<\/em><\/strong><em> \u2013 Attivista di Extinction Rebellion <\/em><\/p>\n<p style=\"padding-left: 40px;\"><em>Parit\u00e0 di genere, le nostre richieste ai Governi:<strong> Claudia Segre <\/strong>Co-Chair Women7 (G7) <\/em><\/p>\n<p>&nbsp;<\/p>\n<p><em>\u00a0<\/em><\/p>\n<p>[\/et_pb_text][\/et_pb_column][\/et_pb_row][\/et_pb_section]<\/p>\n","protected":false},"excerpt":{"rendered":"<p>6 ottobre 2023 Ore 10.00 \u2013 11.30 MAXXI Museo delle Arti del XXI secoloSala dell\u2019auditorium Presentazione della XII Edizione del Dossier indifesa La condizione delle bambine e delle ragazze nel mondo Modera: Paolo Ferrara, Direttore Generale di Terre des Hommes Italia Saluti istituzionali: Carla Garlatti, Autorit\u00e0 Garante per l\u2019Infanzia e l\u2019Adolescenza Donatella Vergari, Presidente Terre [&hellip;]<\/p>\n","protected":false},"author":6,"featured_media":7963,"comment_status":"closed","ping_status":"closed","sticky":false,"template":"","format":"standard","meta":{"_et_pb_use_builder":"on","_et_pb_old_content":"<p>Tra poco saranno 11 gli anni che Mira festegger\u00e0, ma quest\u2019anno il suo compleanno promette di essere un\u2019occasione di festa pi\u00f9 grande del passato.<br \/><strong>Mira \u00e8 una bambina siriana rifugiata<\/strong> con la sua famiglia a Byblos, in Libano, <strong>ed \u00e8 nata con una disabilit\u00e0 fisica<\/strong> che le impedisce salire le scale e che le provoca una notevole zoppia mentre cammina.<br \/>Finora <strong>questa condizione le ha reso pi\u00f9 difficile frequentare la scuola e partecipare alle attivit\u00e0 con gli altri bambini<\/strong>.<br \/>A causa della sua disabilit\u00e0 <strong>nella scuola precedente aveva subito episodi di bullismo, che avevano ulteriormente compromesso la sua autostima<\/strong>.<\/p><h2>Uno spazio protetto dal bullismo<\/h2><p>Tuttavia, <strong>le cose sono cambiate quando ha cominciato a frequentare i corsi di alfabetizzazione e aritmetica di base offerti dal progetto Redeem<\/strong> di Terre des Hommes Italia con fondi dell\u2019<a href=\"https:\/\/www.aics.gov.it\/\" target=\"_blank\" rel=\"noopener\">Agenzia Italiana per la Cooperazione allo sviluppo<\/a>.<br \/><strong>Nel centro educativo ha trovato uno spazio protetto e inclusivo<\/strong>, dove gli operatori hanno seguito da vicino lei e i suoi genitori per capire quali fossero effettivamente le esigenze di Mira.<\/p><p><strong>Quando Mira ha espresso i suoi timori di essere di nuovo bullizzata, sono state intraprese azioni immediate e sono state organizzate sessioni di sensibilizzazione su questo tema con tutti i suoi compagni.<\/strong> Ci\u00f2 ha avuto un ruolo fondamentale nel rafforzare la sua fiducia in se stessa.<br \/>Le \u00e8 stato assicurato che <strong>il centro \u00e8 uno spazio sicuro dove potersi esprimersi e dove la sua disabilit\u00e0 non sar\u00e0 d\u2019ostacolo per partecipare a tutte le attivit\u00e0 e a interagire con i suoi coetanei<\/strong>.<\/p><h2>Una chance educativa anche per la mamma<\/h2><p>Ma non basta. <strong>Gli operatori del progetto hanno pensato di dare un\u2019opportunit\u00e0 di formazione alla madre di Mira<\/strong> e dei suoi 6 fratelli, <strong>Alya. <\/strong><\/p><p><strong>Prima la donna non aveva mai frequentato la scuola e raramente si avventurava fuori casa<\/strong>. Adesso Alya partecipa al programma di alfabetizzazione per adulti e perci\u00f2 ha iniziato a frequentare lo stesso centro della figlia.<\/p><p><img class=\"alignnone size-large wp-image-6862\" src=\"https:\/\/terredeshommes.it\/eng\/wp-content\/uploads\/AICS-REDEEM-Adult-Literacy-June-2023-1-1024x575.jpg\" alt=\"\" width=\"1024\" height=\"575\" \/><br \/><strong>In questo modo ha la possibilit\u00e0 di imparare le lingue e di confrontarsi con gli altri genitori della classe<\/strong>. Anche i trasporti per arrivare al centro sono forniti dal progetto.<\/p><p>\u201c<em>Mira adesso \u00e8 visibilmente pi\u00f9 sicura di s\u00e9 ed \u00e8 molto felice di andare al centro. Anch\u2019io posso dire lo stesso, <strong>sento che sto partecipando attivamente all\u2019educazione di mia figlia<\/strong>, anche attraverso il corso per adulti, che mi ha fatto conoscere tante donne nella mia stessa condizione<\/em>\u201d, ci ha detto la madre. \u201c<em>Insomma n\u00e9 l\u2019et\u00e0 n\u00e9 la disabilit\u00e0 sono dei veri ostacoli per per migliorare la propria istruzione<\/em>\u201d<\/p><p>Il progetto \"<strong>Redeem: Rafforzare i meccanismi educativi, di protezione e di empowerment comunitario nelle aree vulnerabili del Monte Libano<\/strong>\", ha coinvolto <strong>pi\u00f9 di 150 bambini e 75 genitori <\/strong>in attivit\u00e0 educative con l'obiettivo di fornire ai bambini le competenze fondamentali di lettura e scrittura e aiutare i genitori a contribuire attivamente al loro percorso educativo.<br \/>Il progetto \u00e8 realizzato da Terre des Hommes Italia in Libano in collaborazione con <a href=\"https:\/\/www.instagram.com\/hoopsclub.ofcl\/\" target=\"_blank\" rel=\"noopener\">Hoops Club<\/a> e finanziato da <a href=\"https:\/\/www.aics.gov.it\/\" target=\"_blank\" rel=\"noopener\">AICS<\/a>.<\/p>","_et_gb_content_width":"","footnotes":""},"categories":[16],"tags":[],"class_list":["post-7954","post","type-post","status-publish","format-standard","has-post-thumbnail","hentry","category-comunicati"],"yoast_head":"<!-- This site is optimized with the Yoast SEO plugin v21.1 - https:\/\/yoast.com\/wordpress\/plugins\/seo\/ -->\n<title>Save the date - Presentazione del nuovo dossier indifesa<\/title>\n<meta name=\"description\" content=\"Il 6 ottobre al MAXXI di Roma Terre des Hommes presenta il nuovo dossier indifesa La condizione delle bambine e delle ragazze nel mondo\" \/>\n<meta name=\"robots\" content=\"index, follow, max-snippet:-1, max-image-preview:large, max-video-preview:-1\" \/>\n<link rel=\"canonical\" href=\"https:\/\/terredeshommes.it\/eng\/comunicati\/save-the-date-presentazione-del-nuovo-dossier-indifesa\/\" \/>\n<meta property=\"og:locale\" content=\"en_US\" \/>\n<meta property=\"og:type\" content=\"article\" \/>\n<meta property=\"og:title\" content=\"Save the date - Presentazione del nuovo dossier indifesa\" \/>\n<meta property=\"og:description\" content=\"Il 6 ottobre al MAXXI di Roma Terre des Hommes presenta il nuovo dossier indifesa La condizione delle bambine e delle ragazze nel mondo\" \/>\n<meta property=\"og:url\" content=\"https:\/\/terredeshommes.it\/eng\/comunicati\/save-the-date-presentazione-del-nuovo-dossier-indifesa\/\" \/>\n<meta property=\"og:site_name\" content=\"Terre des Hommes Italia\" \/>\n<meta property=\"article:published_time\" content=\"2023-09-06T14:35:09+00:00\" \/>\n<meta property=\"article:modified_time\" content=\"2023-09-18T12:58:33+00:00\" \/>\n<meta property=\"og:image\" content=\"https:\/\/terredeshommes.it\/eng\/wp-content\/uploads\/visual1920x1080-1.jpg\" \/>\n\t<meta property=\"og:image:width\" content=\"1920\" \/>\n\t<meta property=\"og:image:height\" content=\"1080\" \/>\n\t<meta property=\"og:image:type\" content=\"image\/jpeg\" \/>\n<meta name=\"author\" content=\"Anna Bianchi\" \/>\n<meta name=\"twitter:card\" content=\"summary_large_image\" \/>\n<meta name=\"twitter:label1\" content=\"Written by\" \/>\n\t<meta name=\"twitter:data1\" content=\"Anna Bianchi\" \/>\n\t<meta name=\"twitter:label2\" content=\"Est. reading time\" \/>\n\t<meta name=\"twitter:data2\" content=\"2 minutes\" \/>\n<script type=\"application\/ld+json\" class=\"yoast-schema-graph\">{\"@context\":\"https:\/\/schema.org\",\"@graph\":[{\"@type\":\"WebPage\",\"@id\":\"https:\/\/terredeshommes.it\/eng\/comunicati\/save-the-date-presentazione-del-nuovo-dossier-indifesa\/\",\"url\":\"https:\/\/terredeshommes.it\/eng\/comunicati\/save-the-date-presentazione-del-nuovo-dossier-indifesa\/\",\"name\":\"Save the date - Presentazione del nuovo dossier indifesa\",\"isPartOf\":{\"@id\":\"https:\/\/terredeshommes.it\/eng\/#website\"},\"datePublished\":\"2023-09-06T14:35:09+00:00\",\"dateModified\":\"2023-09-18T12:58:33+00:00\",\"author\":{\"@id\":\"https:\/\/terredeshommes.it\/eng\/#\/schema\/person\/dbba823406adc60a974a3434150e38d5\"},\"description\":\"Il 6 ottobre al MAXXI di Roma Terre des Hommes presenta il nuovo dossier indifesa La condizione delle bambine e delle ragazze nel mondo\",\"breadcrumb\":{\"@id\":\"https:\/\/terredeshommes.it\/eng\/comunicati\/save-the-date-presentazione-del-nuovo-dossier-indifesa\/#breadcrumb\"},\"inLanguage\":\"en-US\",\"potentialAction\":[{\"@type\":\"ReadAction\",\"target\":[\"https:\/\/terredeshommes.it\/eng\/comunicati\/save-the-date-presentazione-del-nuovo-dossier-indifesa\/\"]}]},{\"@type\":\"BreadcrumbList\",\"@id\":\"https:\/\/terredeshommes.it\/eng\/comunicati\/save-the-date-presentazione-del-nuovo-dossier-indifesa\/#breadcrumb\",\"itemListElement\":[{\"@type\":\"ListItem\",\"position\":1,\"name\":\"Home\",\"item\":\"https:\/\/terredeshommes.it\/eng\/\"},{\"@type\":\"ListItem\",\"position\":2,\"name\":\"Save the date &#8211; Presentazione del nuovo dossier indifesa\"}]},{\"@type\":\"WebSite\",\"@id\":\"https:\/\/terredeshommes.it\/eng\/#website\",\"url\":\"https:\/\/terredeshommes.it\/eng\/\",\"name\":\"Terre des Hommes Italia\",\"description\":\"Proteggiamo i bambini insieme\",\"potentialAction\":[{\"@type\":\"SearchAction\",\"target\":{\"@type\":\"EntryPoint\",\"urlTemplate\":\"https:\/\/terredeshommes.it\/eng\/?s={search_term_string}\"},\"query-input\":\"required name=search_term_string\"}],\"inLanguage\":\"en-US\"},{\"@type\":\"Person\",\"@id\":\"https:\/\/terredeshommes.it\/eng\/#\/schema\/person\/dbba823406adc60a974a3434150e38d5\",\"name\":\"Anna Bianchi\",\"url\":\"https:\/\/terredeshommes.it\/eng\/author\/a-bianchitdhitaly-org\/\"}]}<\/script>\n<!-- \/ Yoast SEO plugin. -->","yoast_head_json":{"title":"Save the date - Presentazione del nuovo dossier indifesa","description":"Il 6 ottobre al MAXXI di Roma Terre des Hommes presenta il nuovo dossier indifesa La condizione delle bambine e delle ragazze nel mondo","robots":{"index":"index","follow":"follow","max-snippet":"max-snippet:-1","max-image-preview":"max-image-preview:large","max-video-preview":"max-video-preview:-1"},"canonical":"https:\/\/terredeshommes.it\/eng\/comunicati\/save-the-date-presentazione-del-nuovo-dossier-indifesa\/","og_locale":"en_US","og_type":"article","og_title":"Save the date - Presentazione del nuovo dossier indifesa","og_description":"Il 6 ottobre al MAXXI di Roma Terre des Hommes presenta il nuovo dossier indifesa La condizione delle bambine e delle ragazze nel mondo","og_url":"https:\/\/terredeshommes.it\/eng\/comunicati\/save-the-date-presentazione-del-nuovo-dossier-indifesa\/","og_site_name":"Terre des Hommes Italia","article_published_time":"2023-09-06T14:35:09+00:00","article_modified_time":"2023-09-18T12:58:33+00:00","og_image":[{"width":1920,"height":1080,"url":"https:\/\/terredeshommes.it\/eng\/wp-content\/uploads\/visual1920x1080-1.jpg","type":"image\/jpeg"}],"author":"Anna Bianchi","twitter_card":"summary_large_image","twitter_misc":{"Written by":"Anna Bianchi","Est. reading time":"2 minutes"},"schema":{"@context":"https:\/\/schema.org","@graph":[{"@type":"WebPage","@id":"https:\/\/terredeshommes.it\/eng\/comunicati\/save-the-date-presentazione-del-nuovo-dossier-indifesa\/","url":"https:\/\/terredeshommes.it\/eng\/comunicati\/save-the-date-presentazione-del-nuovo-dossier-indifesa\/","name":"Save the date - Presentazione del nuovo dossier indifesa","isPartOf":{"@id":"https:\/\/terredeshommes.it\/eng\/#website"},"datePublished":"2023-09-06T14:35:09+00:00","dateModified":"2023-09-18T12:58:33+00:00","author":{"@id":"https:\/\/terredeshommes.it\/eng\/#\/schema\/person\/dbba823406adc60a974a3434150e38d5"},"description":"Il 6 ottobre al MAXXI di Roma Terre des Hommes presenta il nuovo dossier indifesa La condizione delle bambine e delle ragazze nel mondo","breadcrumb":{"@id":"https:\/\/terredeshommes.it\/eng\/comunicati\/save-the-date-presentazione-del-nuovo-dossier-indifesa\/#breadcrumb"},"inLanguage":"en-US","potentialAction":[{"@type":"ReadAction","target":["https:\/\/terredeshommes.it\/eng\/comunicati\/save-the-date-presentazione-del-nuovo-dossier-indifesa\/"]}]},{"@type":"BreadcrumbList","@id":"https:\/\/terredeshommes.it\/eng\/comunicati\/save-the-date-presentazione-del-nuovo-dossier-indifesa\/#breadcrumb","itemListElement":[{"@type":"ListItem","position":1,"name":"Home","item":"https:\/\/terredeshommes.it\/eng\/"},{"@type":"ListItem","position":2,"name":"Save the date &#8211; Presentazione del nuovo dossier indifesa"}]},{"@type":"WebSite","@id":"https:\/\/terredeshommes.it\/eng\/#website","url":"https:\/\/terredeshommes.it\/eng\/","name":"Terre des Hommes Italia","description":"Proteggiamo i bambini insieme","potentialAction":[{"@type":"SearchAction","target":{"@type":"EntryPoint","urlTemplate":"https:\/\/terredeshommes.it\/eng\/?s={search_term_string}"},"query-input":"required name=search_term_string"}],"inLanguage":"en-US"},{"@type":"Person","@id":"https:\/\/terredeshommes.it\/eng\/#\/schema\/person\/dbba823406adc60a974a3434150e38d5","name":"Anna Bianchi","url":"https:\/\/terredeshommes.it\/eng\/author\/a-bianchitdhitaly-org\/"}]}},"_links":{"self":[{"href":"https:\/\/terredeshommes.it\/eng\/wp-json\/wp\/v2\/posts\/7954","targetHints":{"allow":["GET"]}}],"collection":[{"href":"https:\/\/terredeshommes.it\/eng\/wp-json\/wp\/v2\/posts"}],"about":[{"href":"https:\/\/terredeshommes.it\/eng\/wp-json\/wp\/v2\/types\/post"}],"author":[{"embeddable":true,"href":"https:\/\/terredeshommes.it\/eng\/wp-json\/wp\/v2\/users\/6"}],"replies":[{"embeddable":true,"href":"https:\/\/terredeshommes.it\/eng\/wp-json\/wp\/v2\/comments?post=7954"}],"version-history":[{"count":7,"href":"https:\/\/terredeshommes.it\/eng\/wp-json\/wp\/v2\/posts\/7954\/revisions"}],"predecessor-version":[{"id":8049,"href":"https:\/\/terredeshommes.it\/eng\/wp-json\/wp\/v2\/posts\/7954\/revisions\/8049"}],"wp:featuredmedia":[{"embeddable":true,"href":"https:\/\/terredeshommes.it\/eng\/wp-json\/wp\/v2\/media\/7963"}],"wp:attachment":[{"href":"https:\/\/terredeshommes.it\/eng\/wp-json\/wp\/v2\/media?parent=7954"}],"wp:term":[{"taxonomy":"category","embeddable":true,"href":"https:\/\/terredeshommes.it\/eng\/wp-json\/wp\/v2\/categories?post=7954"},{"taxonomy":"post_tag","embeddable":true,"href":"https:\/\/terredeshommes.it\/eng\/wp-json\/wp\/v2\/tags?post=7954"}],"curies":[{"name":"wp","href":"https:\/\/api.w.org\/{rel}","templated":true}]}}