{"id":8006,"date":"2023-09-13T16:56:15","date_gmt":"2023-09-13T14:56:15","guid":{"rendered":"https:\/\/terredeshommes.it\/?p=8006"},"modified":"2023-09-14T13:08:04","modified_gmt":"2023-09-14T11:08:04","slug":"terre-des-hommes-ospita-la-tappa-milanese-di-sportcity","status":"publish","type":"post","link":"https:\/\/terredeshommes.it\/eng\/comunicati\/terre-des-hommes-ospita-la-tappa-milanese-di-sportcity\/","title":{"rendered":"Terre des Hommes ospita la tappa milanese di Sportcity"},"content":{"rendered":"<p>[et_pb_section fb_built=&#8221;1&#8243; _builder_version=&#8221;4.16&#8243; global_colors_info=&#8221;{}&#8221;][et_pb_row _builder_version=&#8221;4.16&#8243; background_size=&#8221;initial&#8221; background_position=&#8221;top_left&#8221; background_repeat=&#8221;repeat&#8221; global_colors_info=&#8221;{}&#8221;][et_pb_column type=&#8221;4_4&#8243; _builder_version=&#8221;4.16&#8243; custom_padding=&#8221;|||&#8221; global_colors_info=&#8221;{}&#8221; custom_padding__hover=&#8221;|||&#8221;][et_pb_text _builder_version=&#8221;4.18.0&#8243; background_size=&#8221;initial&#8221; background_position=&#8221;top_left&#8221; background_repeat=&#8221;repeat&#8221; hover_enabled=&#8221;0&#8243; global_colors_info=&#8221;{}&#8221; sticky_enabled=&#8221;0&#8243;]<\/p>\n<p>Terre des Hommes ospita la tappa milanese di Sportcity Day, domenica 17 settembre alla presenza della vicesindaco Anna Scavuzzo e della assessora con delega allo sport Martina Riva, un ricco palinsesto di incontri e attivit\u00e0 sportive per piccoli e grandi animer\u00e0 l\u2019Hub Spazio indifesa del Gallaratese.<\/p>\n<p>Anche Milano \u00e8 tra i <strong>140 Comuni italiani<\/strong> interessati dalla \u201cRivoluzione Dolce\u201d della <a href=\"https:\/\/fondazionesportcity.it\/\" target=\"_blank\" rel=\"noopener\">Fondazione Sportcity<\/a>, che da oltre due anni promuove un nuovo modo di intendere lo sport destrutturato.<\/p>\n<p style=\"text-align: center;\"><a href=\"https:\/\/terredeshommes.it\/eng\/sportcityday\/\" target=\"_blank\" rel=\"noopener\"><strong>Qui il programma della giornata\u00a0<\/strong><\/a><\/p>\n<p style=\"text-align: center;\"><strong><\/strong><\/p>\n<h3>La tappa milanese di Sportcity day<\/h3>\n<p>L\u2019appuntamento \u00e8 per domenica <strong>17 settembre, <\/strong>presso <strong>l\u2019Hub di Quartiere contro lo spreco alimentare Spazio indifesa del Gallaratese<\/strong>, per una giornata dedicata alla promozione dello sport, insieme alla cittadinanza del <strong>Municipio 8 del Comune di Milano. <\/strong><\/p>\n<p><strong>Dalle 11.00 alle 18.00<\/strong> grazie alla partecipazione di tante associazioni sportive locali, enti, fondazioni ed aziende si potranno provare diverse discipline, corsi e giochi, nonch\u00e9 assistere ad incontri con esperti per parlare di stili di vita sani e sport come strumento di inclusione ed empowerment.<\/p>\n<p>&nbsp;<\/p>\n<h3>Sportcity day in tutta italia<\/h3>\n<p>La <strong>Fondazione Sportcity <\/strong>prevede una partecipazione di 150.000 persone in tutta Italia.\u00a0 Ad organizzare l\u2019evento a Milano \u00e8 <a href=\"https:\/\/terredeshommes.it\/eng\/\" target=\"_blank\" rel=\"noopener\"><strong>Terre des Hommes<\/strong><\/a> che da anni ormai lavora a fianco di realt\u00e0 e federazioni sportive per promuovere la protezione dell\u2019infanzia all\u2019interno dello sport, ma anche attraverso lo sport, che \u00e8 un momento cruciale per la crescita e l\u2019educazione di ragazzi e ragazze.<\/p>\n<p>L\u2019iniziativa \u00e8 realizzata in collaborazione con il <strong>Comune di Milano \u2013 Area Food Policy<\/strong> e il <strong>Municipio 8<\/strong> e lo <strong>Sport for Inclusion Network<\/strong> e vedr\u00e0 la partecipazione della <strong>Vicesindaco Anna Scavuzzo, <\/strong>con delega all\u2019Educazione e alla Food Policy <em>\u201cUna preziosa iniziativa che contribuisce a caratterizzare l\u2019Hub del Gallaratese come un luogo di incontro e sviluppo di idee e collaborazioni, che tengono al centro l&#8217;alimentazione sana e sostenibile. Un&#8217;opportunit\u00e0 per aggregare nuovi soggetti e promuovere la cultura della salute e dello sport soprattutto tra i giovani ed \u00e8 per questo che, attraverso la Food Policy, stiamo portando avanti tante iniziative che puntino a rendere i ragazzi e le famiglie maggiormente consapevoli dell&#8217;importanza di stili di vita sani&#8221; <\/em><span>conferma <strong>Anna Scavuzzo, vicesindaco con delega alla Food Policy.<\/strong><\/span><\/p>\n<p>E della <strong>Assessora allo Sport, Turismo e Politiche Giovanili Martina Riva. <\/strong><em>&#8220;Siamo consapevoli di quanto sia strategica nella crescita personale e sociale di ragazze e ragazzi la pratica sportiva. Ecco perch\u00e9 siamo\u00a0accanto a Terre des Hommes in questa iniziativa che valorizza sia l&#8217;importante lavoro svolto dall&#8217;Hub di Quartiere del Gallaratese per le famiglie della zona sia il fondamentale ruolo giocato dallo sport come momento di socialit\u00e0 e promozione di stili di vita attivi e sani&#8221;.<\/em><\/p>\n<h3>Sporticty day per promuovere benessere e inclusione sociale<\/h3>\n<p>\u201c<em>Siamo partiti due anni fa con 17 citt\u00e0, lo scorso anno furono 35, ed ora siamo arrivati incredibilmente a questo numero straordinario, superando ogni pi\u00f9 rosea aspettativa<\/em> \u2013 sostiene <strong>Fabio Pagliara, Presidente Fondazione Sportcity<\/strong> &#8211; <em>Dal sud al nord, isole comprese, dalle piccole cittadine a praticamente tutti i capoluoghi di regione, il 17 settembre sar\u00e0 una sorta di festa nazionale della cultura del movimento e del benessere\u201d.<\/em><\/p>\n<p><em>\u201cL\u2019Hub Spazio indifesa del Gallaratese nasce come risposta all\u2019emergenza alimentare e alla povert\u00e0 nella nostra citt\u00e0 e grazie alle sinergie create con Istituzioni cittadine, aziende, Fondazioni e associazioni del territorio, sta diventando sempre di pi\u00f9 anche luogo di inclusione e nuove opportunit\u00e0 per le famiglie e soprattutto per ragazzi e ragazze. In questo lo sport gioca un ruolo estremamente importante, favorendo stili di vita sani, facilitando la socializzazione e permettendo la condivisione di valori basati su rispetto, collaborazione e, perch\u00e9 no, anche una sana competizione. Il nostro impegno \u00e8 che lo sport possa svolgersi, a qualsiasi livello, in ambienti sereni, sicuri e stimolanti\u201d<\/em> &#8211; afferma <strong>Paolo Ferrara, Direttore Generale di Terre des Hommes.<\/strong> <em>\u201cAnche per questo siamo felicissimi che lo Sportcity Day di Milano si celebri qui, coniugando sport, benessere, diritti e inclusione e permettendoci di offrire alla cittadinanza una giornata all\u2019insegna del divertimento e della partecipazione\u201d<\/em><\/p>\n<h3>Le associazioni presenti nella giornata<\/h3>\n<p>All\u2019interno della giornata \u00e8 previsto anche un intervento del <strong>Comitato Milano Cortina 2026<\/strong> rivolto alle ragazze e ragazzi delle scuole e del quartiere nell\u2019ambito del programma <strong>Education Gen26<\/strong> di Milano Cortina 2026.<\/p>\n<p>Le organizzazioni e le associazioni sportive presenti durante la giornata saranno: Alele\u2019s Company a.s.d., Animenta APS, Arg\u00f3t, ASD Difesa Reale, ASD Idea Sport Pallacanestro, ASD Ryu Karate-do Shotokan, Asd Santa Lucia, ASD SOULBASKET, AssoDanza Italia, Il Castelletto, L&#8217;Orma SSD, Lombardia Uno, Partizan Bonola, Rhodense, San Leo Kickboxing e Fitness A.S.D., Shareradio, Sociosfera Onlus,<em>\u00a0TakeCare,<\/em> T<em>eamooky,<\/em> Zerodiciotto.<\/p>\n<p>Inoltre, la giornata ha ottenuto il patrocinio del CONI \u2013 Comitato Olimpico regionale della Lombardia e il prezioso contributo di Regione Lombardia, di Fondazione BIC e Fondazione EOS \u2013 Edison Orizzonte Sociale ETS.<\/p>\n<h3><strong>L\u2019HUB DI QUARTIERE CONTRO LO SPRECO ALIMENTARE <\/strong><\/h3>\n<p>Lo Spazio <strong>indifesa<\/strong> \u00e8 uno dei 5 Hub di quartiere contro lo spreco alimentare ideati e realizzati dalla <strong>Food Policy del Comune di Milano<\/strong>, che per le sue specifiche caratteristiche innovative unisce la risposta all\u2019emergenza alimentare ai servizi per famiglie con minori, ed \u00e8 diventato quindi un luogo di incontro per la cittadinanza dove in particolare ragazzi e ragazze possono trovare tante opportunit\u00e0 di crescita e socializzazione, tra cui appunto lo sport.<\/p>\n<p>&nbsp;<\/p>\n<p>[\/et_pb_text][\/et_pb_column][\/et_pb_row][\/et_pb_section]<\/p>\n","protected":false},"excerpt":{"rendered":"<p>Terre des Hommes ospita la tappa milanese di Sportcity Day, domenica 17 settembre alla presenza della vicesindaco Anna Scavuzzo e della assessora con delega allo sport Martina Riva, un ricco palinsesto di incontri e attivit\u00e0 sportive per piccoli e grandi animer\u00e0 l\u2019Hub Spazio indifesa del Gallaratese. Anche Milano \u00e8 tra i 140 Comuni italiani interessati [&hellip;]<\/p>\n","protected":false},"author":6,"featured_media":8018,"comment_status":"closed","ping_status":"closed","sticky":false,"template":"","format":"standard","meta":{"_et_pb_use_builder":"on","_et_pb_old_content":"<p>\u00c8 timida, scontrosa o ha qualcosa di strano?<br \/>Tante erano le ipotesi che giravano riguardo Sally tra i suoi compagni di classe.<br \/><strong>La bimba, 6 anni, da qualche mese frequenta le lezioni di Educazione della prima infanzia nel centro educativo di Terre des Hommes Italia<\/strong> ad Arsal, una cittadina libanese vicino al confine con la Siria, dove la sua famiglia si \u00e8 rifugiata a causa della guerra.<br \/><strong>Fin dall'inizio della scuola Sally si \u00e8 dimostrata molto introversa, con la tendenza a isolarsi e non comunicare con i suoi coetanei<\/strong>.<\/p><p>Le educatrici hanno voluto parlare con la madre, la quale ha confermato che <strong>Sally parlava raramente a casa e mai fuori<\/strong>.<br \/>Nonostante gli sforzi il comportamento di Sally in classe si \u00e8 rivelato sempre pi\u00f9 problematico, per questo \u00e8 stato deciso di inserirla in un percorso personalizzato di sostegno e inclusione offerto dal progetto <a href=\"https:\/\/terredeshommes.it\/eng\/back-to-the-future\/\" target=\"_blank\" rel=\"noopener\">Back to the Future<\/a>.<\/p><h2>Un percorso per superare le difficolt\u00e0<\/h2><p>Seguendo le raccomandazioni degli esperti, l<strong>'insegnante ha utilizzato diversi metodi di apprendimento per incoraggiare la partecipazione di Sally in classe<\/strong>, soprattutto nelle attivit\u00e0 di gruppo, e per assicurarsi che comprendesse correttamente le lezioni.<\/p><p>Per aiutarla a sviluppare la sua personalit\u00e0 <strong>alla bambina \u00e8 stato assegnato qualche piccolo incarico<\/strong>, come assistere l'insegnante nella distribuzione di cancelleria e libri ai suoi compagni di classe e la conduzione di alcune attivit\u00e0 e giochi.<\/p><p>Questi compiti hanno portato a una maggiore interazione di Sally con l\u2019insegnante e i compagni. <strong>La bambina ha iniziato a comunicare scrivendo risposte e messaggi fogli e lavagne<\/strong>, oppure attraverso l\u2019espressione del viso e il linguaggio del corpo.<\/p><p>Nel frattempo <strong>sono state concordate una serie di sedute con uno psicoterapeuta<\/strong>, a cui la bambina veniva accompagnata dalle educatrici. Il costo del trasporto \u00e8 stato coperto dallo stesso progetto.<br \/>Lo psicoterapeuta poi dava loro le raccomandazioni per sostenere il percorso della bambina anche a casa.<\/p><p><strong>Poi, \u00e8 arrivato un momento indimenticabile<\/strong>.<br \/>Durante una lezione <strong>Sally ha iniziato a pronunciare con sicurezza le sue prime parole<\/strong>.<br \/>Sillabando le lettere, ha recitato i giorni della settimana e i mesi dell'anno.<br \/><strong>Tutta la classe \u00e8 scoppiata in un applauso<\/strong> e il suo cuore si \u00e8 riempito di orgoglio e contentezza.<\/p><p>Appena tornata a casa, ha raccontato tutto alla madre dicendo: \"<em>Sono molto felice, mi piace il centro educativo e mi piacciono i miei amici!<\/em>\"<br \/>Era sopraffatta dalla felicit\u00e0.<\/p><h2>L\u2019importanza di uno spazio protetto<\/h2><p>Il lavoro da fare \u00e8 ancora lungo ma questo risultato qualche mese fa sarebbe apparso improbabile.<br \/>Eppure, oltre alla volont\u00e0 e l\u2019impegno della piccola, \u00e8 servito il sostegno ricevuto dal progetto, l\u2019aver messo a disposizione uno spazio sicuro e inclusivo e aver dato alla bambina il tempo necessario per sentirsi a suo agio, potersi aprire ed esprimersi con sicurezza.<\/p><p>Il progetto <a href=\"https:\/\/terredeshommes.it\/eng\/back-to-the-future\/\" target=\"_blank\" rel=\"noopener\">Back to the Future<\/a> \u00e8 finanziato da <a href=\"https:\/\/civil-protection-humanitarian-aid.ec.europa.eu\/index_it\" target=\"_blank\" rel=\"noopener\">ECHO<\/a> ed \u00e8 realizzato in Libano da <a href=\"https:\/\/www.avsi.org\/\" target=\"_blank\" rel=\"noopener\">Avsi<\/a> e Terre des Hommes Italia.<\/p>","_et_gb_content_width":"","footnotes":""},"categories":[16],"tags":[],"class_list":["post-8006","post","type-post","status-publish","format-standard","has-post-thumbnail","hentry","category-comunicati"],"yoast_head":"<!-- This site is optimized with the Yoast SEO plugin v21.1 - https:\/\/yoast.com\/wordpress\/plugins\/seo\/ -->\n<title>Terre des Hommes ospita la tappa milanese di Sportcity - Terre des Hommes Italia<\/title>\n<meta name=\"description\" content=\"Anche Milano \u00e8 tra i 140 Comuni italiani interessati dalla \u201cRivoluzione Dolce\u201d della Fondazione Sportcity domenica 17 settembre\" \/>\n<meta name=\"robots\" content=\"index, follow, max-snippet:-1, max-image-preview:large, max-video-preview:-1\" \/>\n<link rel=\"canonical\" href=\"https:\/\/terredeshommes.it\/eng\/comunicati\/terre-des-hommes-ospita-la-tappa-milanese-di-sportcity\/\" \/>\n<meta property=\"og:locale\" content=\"en_US\" \/>\n<meta property=\"og:type\" content=\"article\" \/>\n<meta property=\"og:title\" content=\"Terre des Hommes ospita la tappa milanese di Sportcity - Terre des Hommes Italia\" \/>\n<meta property=\"og:description\" content=\"Anche Milano \u00e8 tra i 140 Comuni italiani interessati dalla \u201cRivoluzione Dolce\u201d della Fondazione Sportcity domenica 17 settembre\" \/>\n<meta property=\"og:url\" content=\"https:\/\/terredeshommes.it\/eng\/comunicati\/terre-des-hommes-ospita-la-tappa-milanese-di-sportcity\/\" \/>\n<meta property=\"og:site_name\" content=\"Terre des Hommes Italia\" \/>\n<meta property=\"article:published_time\" content=\"2023-09-13T14:56:15+00:00\" \/>\n<meta property=\"article:modified_time\" content=\"2023-09-14T11:08:04+00:00\" \/>\n<meta property=\"og:image\" content=\"https:\/\/terredeshommes.it\/eng\/wp-content\/uploads\/Sport-City-Day-1080x1920-1.png\" \/>\n\t<meta property=\"og:image:width\" content=\"720\" \/>\n\t<meta property=\"og:image:height\" content=\"1280\" \/>\n\t<meta property=\"og:image:type\" content=\"image\/png\" \/>\n<meta name=\"author\" content=\"Anna Bianchi\" \/>\n<meta name=\"twitter:card\" content=\"summary_large_image\" \/>\n<meta name=\"twitter:label1\" content=\"Written by\" \/>\n\t<meta name=\"twitter:data1\" content=\"Anna Bianchi\" \/>\n\t<meta name=\"twitter:label2\" content=\"Est. reading time\" \/>\n\t<meta name=\"twitter:data2\" content=\"5 minutes\" \/>\n<script type=\"application\/ld+json\" class=\"yoast-schema-graph\">{\"@context\":\"https:\/\/schema.org\",\"@graph\":[{\"@type\":\"WebPage\",\"@id\":\"https:\/\/terredeshommes.it\/eng\/comunicati\/terre-des-hommes-ospita-la-tappa-milanese-di-sportcity\/\",\"url\":\"https:\/\/terredeshommes.it\/eng\/comunicati\/terre-des-hommes-ospita-la-tappa-milanese-di-sportcity\/\",\"name\":\"Terre des Hommes ospita la tappa milanese di Sportcity - Terre des Hommes Italia\",\"isPartOf\":{\"@id\":\"https:\/\/terredeshommes.it\/eng\/#website\"},\"datePublished\":\"2023-09-13T14:56:15+00:00\",\"dateModified\":\"2023-09-14T11:08:04+00:00\",\"author\":{\"@id\":\"https:\/\/terredeshommes.it\/eng\/#\/schema\/person\/dbba823406adc60a974a3434150e38d5\"},\"description\":\"Anche Milano \u00e8 tra i 140 Comuni italiani interessati dalla \u201cRivoluzione Dolce\u201d della Fondazione Sportcity domenica 17 settembre\",\"breadcrumb\":{\"@id\":\"https:\/\/terredeshommes.it\/eng\/comunicati\/terre-des-hommes-ospita-la-tappa-milanese-di-sportcity\/#breadcrumb\"},\"inLanguage\":\"en-US\",\"potentialAction\":[{\"@type\":\"ReadAction\",\"target\":[\"https:\/\/terredeshommes.it\/eng\/comunicati\/terre-des-hommes-ospita-la-tappa-milanese-di-sportcity\/\"]}]},{\"@type\":\"BreadcrumbList\",\"@id\":\"https:\/\/terredeshommes.it\/eng\/comunicati\/terre-des-hommes-ospita-la-tappa-milanese-di-sportcity\/#breadcrumb\",\"itemListElement\":[{\"@type\":\"ListItem\",\"position\":1,\"name\":\"Home\",\"item\":\"https:\/\/terredeshommes.it\/eng\/\"},{\"@type\":\"ListItem\",\"position\":2,\"name\":\"Terre des Hommes ospita la tappa milanese di Sportcity\"}]},{\"@type\":\"WebSite\",\"@id\":\"https:\/\/terredeshommes.it\/eng\/#website\",\"url\":\"https:\/\/terredeshommes.it\/eng\/\",\"name\":\"Terre des Hommes Italia\",\"description\":\"Proteggiamo i bambini insieme\",\"potentialAction\":[{\"@type\":\"SearchAction\",\"target\":{\"@type\":\"EntryPoint\",\"urlTemplate\":\"https:\/\/terredeshommes.it\/eng\/?s={search_term_string}\"},\"query-input\":\"required name=search_term_string\"}],\"inLanguage\":\"en-US\"},{\"@type\":\"Person\",\"@id\":\"https:\/\/terredeshommes.it\/eng\/#\/schema\/person\/dbba823406adc60a974a3434150e38d5\",\"name\":\"Anna Bianchi\",\"url\":\"https:\/\/terredeshommes.it\/eng\/author\/a-bianchitdhitaly-org\/\"}]}<\/script>\n<!-- \/ Yoast SEO plugin. -->","yoast_head_json":{"title":"Terre des Hommes ospita la tappa milanese di Sportcity - Terre des Hommes Italia","description":"Anche Milano \u00e8 tra i 140 Comuni italiani interessati dalla \u201cRivoluzione Dolce\u201d della Fondazione Sportcity domenica 17 settembre","robots":{"index":"index","follow":"follow","max-snippet":"max-snippet:-1","max-image-preview":"max-image-preview:large","max-video-preview":"max-video-preview:-1"},"canonical":"https:\/\/terredeshommes.it\/eng\/comunicati\/terre-des-hommes-ospita-la-tappa-milanese-di-sportcity\/","og_locale":"en_US","og_type":"article","og_title":"Terre des Hommes ospita la tappa milanese di Sportcity - Terre des Hommes Italia","og_description":"Anche Milano \u00e8 tra i 140 Comuni italiani interessati dalla \u201cRivoluzione Dolce\u201d della Fondazione Sportcity domenica 17 settembre","og_url":"https:\/\/terredeshommes.it\/eng\/comunicati\/terre-des-hommes-ospita-la-tappa-milanese-di-sportcity\/","og_site_name":"Terre des Hommes Italia","article_published_time":"2023-09-13T14:56:15+00:00","article_modified_time":"2023-09-14T11:08:04+00:00","og_image":[{"width":720,"height":1280,"url":"https:\/\/terredeshommes.it\/eng\/wp-content\/uploads\/Sport-City-Day-1080x1920-1.png","type":"image\/png"}],"author":"Anna Bianchi","twitter_card":"summary_large_image","twitter_misc":{"Written by":"Anna Bianchi","Est. reading time":"5 minutes"},"schema":{"@context":"https:\/\/schema.org","@graph":[{"@type":"WebPage","@id":"https:\/\/terredeshommes.it\/eng\/comunicati\/terre-des-hommes-ospita-la-tappa-milanese-di-sportcity\/","url":"https:\/\/terredeshommes.it\/eng\/comunicati\/terre-des-hommes-ospita-la-tappa-milanese-di-sportcity\/","name":"Terre des Hommes ospita la tappa milanese di Sportcity - Terre des Hommes Italia","isPartOf":{"@id":"https:\/\/terredeshommes.it\/eng\/#website"},"datePublished":"2023-09-13T14:56:15+00:00","dateModified":"2023-09-14T11:08:04+00:00","author":{"@id":"https:\/\/terredeshommes.it\/eng\/#\/schema\/person\/dbba823406adc60a974a3434150e38d5"},"description":"Anche Milano \u00e8 tra i 140 Comuni italiani interessati dalla \u201cRivoluzione Dolce\u201d della Fondazione Sportcity domenica 17 settembre","breadcrumb":{"@id":"https:\/\/terredeshommes.it\/eng\/comunicati\/terre-des-hommes-ospita-la-tappa-milanese-di-sportcity\/#breadcrumb"},"inLanguage":"en-US","potentialAction":[{"@type":"ReadAction","target":["https:\/\/terredeshommes.it\/eng\/comunicati\/terre-des-hommes-ospita-la-tappa-milanese-di-sportcity\/"]}]},{"@type":"BreadcrumbList","@id":"https:\/\/terredeshommes.it\/eng\/comunicati\/terre-des-hommes-ospita-la-tappa-milanese-di-sportcity\/#breadcrumb","itemListElement":[{"@type":"ListItem","position":1,"name":"Home","item":"https:\/\/terredeshommes.it\/eng\/"},{"@type":"ListItem","position":2,"name":"Terre des Hommes ospita la tappa milanese di Sportcity"}]},{"@type":"WebSite","@id":"https:\/\/terredeshommes.it\/eng\/#website","url":"https:\/\/terredeshommes.it\/eng\/","name":"Terre des Hommes Italia","description":"Proteggiamo i bambini insieme","potentialAction":[{"@type":"SearchAction","target":{"@type":"EntryPoint","urlTemplate":"https:\/\/terredeshommes.it\/eng\/?s={search_term_string}"},"query-input":"required name=search_term_string"}],"inLanguage":"en-US"},{"@type":"Person","@id":"https:\/\/terredeshommes.it\/eng\/#\/schema\/person\/dbba823406adc60a974a3434150e38d5","name":"Anna Bianchi","url":"https:\/\/terredeshommes.it\/eng\/author\/a-bianchitdhitaly-org\/"}]}},"_links":{"self":[{"href":"https:\/\/terredeshommes.it\/eng\/wp-json\/wp\/v2\/posts\/8006","targetHints":{"allow":["GET"]}}],"collection":[{"href":"https:\/\/terredeshommes.it\/eng\/wp-json\/wp\/v2\/posts"}],"about":[{"href":"https:\/\/terredeshommes.it\/eng\/wp-json\/wp\/v2\/types\/post"}],"author":[{"embeddable":true,"href":"https:\/\/terredeshommes.it\/eng\/wp-json\/wp\/v2\/users\/6"}],"replies":[{"embeddable":true,"href":"https:\/\/terredeshommes.it\/eng\/wp-json\/wp\/v2\/comments?post=8006"}],"version-history":[{"count":6,"href":"https:\/\/terredeshommes.it\/eng\/wp-json\/wp\/v2\/posts\/8006\/revisions"}],"predecessor-version":[{"id":8027,"href":"https:\/\/terredeshommes.it\/eng\/wp-json\/wp\/v2\/posts\/8006\/revisions\/8027"}],"wp:featuredmedia":[{"embeddable":true,"href":"https:\/\/terredeshommes.it\/eng\/wp-json\/wp\/v2\/media\/8018"}],"wp:attachment":[{"href":"https:\/\/terredeshommes.it\/eng\/wp-json\/wp\/v2\/media?parent=8006"}],"wp:term":[{"taxonomy":"category","embeddable":true,"href":"https:\/\/terredeshommes.it\/eng\/wp-json\/wp\/v2\/categories?post=8006"},{"taxonomy":"post_tag","embeddable":true,"href":"https:\/\/terredeshommes.it\/eng\/wp-json\/wp\/v2\/tags?post=8006"}],"curies":[{"name":"wp","href":"https:\/\/api.w.org\/{rel}","templated":true}]}}