{"id":8050,"date":"2023-09-18T15:34:45","date_gmt":"2023-09-18T13:34:45","guid":{"rendered":"https:\/\/terredeshommes.it\/?p=8050"},"modified":"2023-09-18T15:34:48","modified_gmt":"2023-09-18T13:34:48","slug":"terre-des-hommes-e-in-libia-per-portare-aiuti-alla-popolazione-colpita-dalla-tempesta-daniel","status":"publish","type":"post","link":"https:\/\/terredeshommes.it\/eng\/comunicati\/terre-des-hommes-e-in-libia-per-portare-aiuti-alla-popolazione-colpita-dalla-tempesta-daniel\/","title":{"rendered":"Terre des Hommes \u00e8 in Libia per portare aiuti alla popolazione colpita dalla tempesta Daniel"},"content":{"rendered":"<p>[et_pb_section fb_built=&#8221;1&#8243; _builder_version=&#8221;4.16&#8243; global_colors_info=&#8221;{}&#8221;][et_pb_row _builder_version=&#8221;4.16&#8243; background_size=&#8221;initial&#8221; background_position=&#8221;top_left&#8221; background_repeat=&#8221;repeat&#8221; global_colors_info=&#8221;{}&#8221;][et_pb_column type=&#8221;4_4&#8243; _builder_version=&#8221;4.16&#8243; custom_padding=&#8221;|||&#8221; global_colors_info=&#8221;{}&#8221; custom_padding__hover=&#8221;|||&#8221;][et_pb_text _builder_version=&#8221;4.18.0&#8243; background_size=&#8221;initial&#8221; background_position=&#8221;top_left&#8221; background_repeat=&#8221;repeat&#8221; global_colors_info=&#8221;{}&#8221;]<\/p>\n<p><a href=\"https:\/\/terredeshommes.it\/eng\" target=\"_blank\" rel=\"noopener\">Terre des Hommes<\/a> \u00e8 presente in Libia per portare aiuti umanitari alla popolazione colpita dal disastro ambientale.\u00a0<br \/>Insieme al partner <a href=\"https:\/\/www.acted.org\/en\/catastrophic-floods-in-libya-immediate-action-by-acted-and-its-partners\/\" target=\"_blank\" rel=\"noopener\"><strong>ACTED<\/strong><\/a> partono oggi gli interventi della Fondazione che distribuir\u00e0 acqua pulita e beni di prima necessit\u00e0 a Derna e offrir\u00e0 supporto psicologico agli sfollati nelle citt\u00e0 di Bengazi, Al Bayadh e Al Marj.<\/p>\n<p>Dopo una settimana dal 10 settembre, quando la tempesta Daniel si \u00e8 abbattuta sull\u2019est della Libia provocando alluvioni che hanno colpito diverse aree nord-orientali del Paese, \u00e8 ancora impossibile quantificare precisamente le vittime di questa tragedia.<\/p>\n<p>In una tale emergenza \u00e8 difficile anche reperire dati certi, secondo l\u2019<strong>OMS<\/strong> al 14 settembre sarebbero oltre <strong>5.000<\/strong> i decessi e almeno <strong>10.000<\/strong> dispersi, ma \u00e8 probabile che siano cifre sottostimate.<\/p>\n<p>Nonostante le difficolt\u00e0 nel raggiungere i luoghi interessati e le difficolt\u00e0 di coordinamento sul terreno <strong>Terre des Hommes<\/strong> si \u00e8 da subito attivata per approntare una <strong>risposta rapida ai primi bisogni della popolazione<\/strong>, in particolare ai bambini e alle bambine che sono sempre i soggetti pi\u00f9 vulnerabili.<\/p>\n<p>Da oggi insieme al partner ACTED verranno distribuiti <strong>kit igienici e acqua potabile<\/strong> a <strong>oltre 6000 persone<\/strong> nella citt\u00e0 di Derna per garantire alle famiglie <strong>l\u2019accesso all\u2019acqua pulita<\/strong> per bere e per lavarsi, e scongiurare cos\u00ec l\u2019altissimo rischio di diffusione di epidemie. In contemporanea verr\u00e0 avviata un\u2019attivit\u00e0 di sensibilizzazione sull\u2019uso dei kit igienici, con modalit\u00e0 porta a porta e tramite radio, per informare il maggior numero di persone.<\/p>\n<p>Inoltre, sempre a <strong>Derna<\/strong> e nelle citt\u00e0 di <strong>Bengazi, Al Bayadh e Al Marj<\/strong> bambini, bambine e famiglie riceveranno <strong>supporto psicosociale<\/strong>, un\u2019attivit\u00e0 altrettanto necessaria in fase di emergenza per rispondere tempestivamente alla sofferenza psicologica e agli inevitabili traumi subiti dopo un evento cos\u00ec drammatico, in particolare dai pi\u00f9 piccoli. \u00a0<\/p>\n<p>Infine, a <strong>1500 bambini e bambine sfollati<\/strong> verranno distribuiti beni di prima necessit\u00e0 (pannolini, crema per bambini, salviette umidificate, coperte per bambini, sciroppo di idratazione per bambini).<\/p>\n<p><em>\u201cLe sfide per l\u2019accesso alle zone colpite dalle alluvioni sono ancora enormi, cos\u00ec come le difficolt\u00e0 nel coordinare e distribuire efficacemente l\u2019assistenza umanitaria. Tuttavia, noi di Terre des Hommes abbiamo attivato prontamente le nostre risorse e con la preziosa collaborazione di ACTED, riusciamo gi\u00e0 oggi ad avviare un primo intervento per rispondere ai bisogni della popolazione. Sar\u00e0 essenziale continuare a monitorare attentamente la situazione nei prossimi giorni, per adattare le nostre risposte alle esigenti crescenti della popolazione colpita.\u201d <\/em><strong>Flavia Pugliese, Delegata in Libia per Terre des Hommes <\/strong><\/p>\n<p>&nbsp;<\/p>\n<p>[\/et_pb_text][\/et_pb_column][\/et_pb_row][\/et_pb_section]<\/p>\n","protected":false},"excerpt":{"rendered":"<p>Terre des Hommes \u00e8 presente in Libia per portare aiuti umanitari alla popolazione colpita dal disastro ambientale.\u00a0Insieme al partner ACTED partono oggi gli interventi della Fondazione che distribuir\u00e0 acqua pulita e beni di prima necessit\u00e0 a Derna e offrir\u00e0 supporto psicologico agli sfollati nelle citt\u00e0 di Bengazi, Al Bayadh e Al Marj. Dopo una settimana [&hellip;]<\/p>\n","protected":false},"author":6,"featured_media":8047,"comment_status":"closed","ping_status":"closed","sticky":false,"template":"","format":"standard","meta":{"_et_pb_use_builder":"on","_et_pb_old_content":"<p>\u00c8 timida, scontrosa o ha qualcosa di strano?<br \/>Tante erano le ipotesi che giravano riguardo Sally tra i suoi compagni di classe.<br \/><strong>La bimba, 6 anni, da qualche mese frequenta le lezioni di Educazione della prima infanzia nel centro educativo di Terre des Hommes Italia<\/strong> ad Arsal, una cittadina libanese vicino al confine con la Siria, dove la sua famiglia si \u00e8 rifugiata a causa della guerra.<br \/><strong>Fin dall'inizio della scuola Sally si \u00e8 dimostrata molto introversa, con la tendenza a isolarsi e non comunicare con i suoi coetanei<\/strong>.<\/p><p>Le educatrici hanno voluto parlare con la madre, la quale ha confermato che <strong>Sally parlava raramente a casa e mai fuori<\/strong>.<br \/>Nonostante gli sforzi il comportamento di Sally in classe si \u00e8 rivelato sempre pi\u00f9 problematico, per questo \u00e8 stato deciso di inserirla in un percorso personalizzato di sostegno e inclusione offerto dal progetto <a href=\"https:\/\/terredeshommes.it\/eng\/back-to-the-future\/\" target=\"_blank\" rel=\"noopener\">Back to the Future<\/a>.<\/p><h2>Un percorso per superare le difficolt\u00e0<\/h2><p>Seguendo le raccomandazioni degli esperti, l<strong>'insegnante ha utilizzato diversi metodi di apprendimento per incoraggiare la partecipazione di Sally in classe<\/strong>, soprattutto nelle attivit\u00e0 di gruppo, e per assicurarsi che comprendesse correttamente le lezioni.<\/p><p>Per aiutarla a sviluppare la sua personalit\u00e0 <strong>alla bambina \u00e8 stato assegnato qualche piccolo incarico<\/strong>, come assistere l'insegnante nella distribuzione di cancelleria e libri ai suoi compagni di classe e la conduzione di alcune attivit\u00e0 e giochi.<\/p><p>Questi compiti hanno portato a una maggiore interazione di Sally con l\u2019insegnante e i compagni. <strong>La bambina ha iniziato a comunicare scrivendo risposte e messaggi fogli e lavagne<\/strong>, oppure attraverso l\u2019espressione del viso e il linguaggio del corpo.<\/p><p>Nel frattempo <strong>sono state concordate una serie di sedute con uno psicoterapeuta<\/strong>, a cui la bambina veniva accompagnata dalle educatrici. Il costo del trasporto \u00e8 stato coperto dallo stesso progetto.<br \/>Lo psicoterapeuta poi dava loro le raccomandazioni per sostenere il percorso della bambina anche a casa.<\/p><p><strong>Poi, \u00e8 arrivato un momento indimenticabile<\/strong>.<br \/>Durante una lezione <strong>Sally ha iniziato a pronunciare con sicurezza le sue prime parole<\/strong>.<br \/>Sillabando le lettere, ha recitato i giorni della settimana e i mesi dell'anno.<br \/><strong>Tutta la classe \u00e8 scoppiata in un applauso<\/strong> e il suo cuore si \u00e8 riempito di orgoglio e contentezza.<\/p><p>Appena tornata a casa, ha raccontato tutto alla madre dicendo: \"<em>Sono molto felice, mi piace il centro educativo e mi piacciono i miei amici!<\/em>\"<br \/>Era sopraffatta dalla felicit\u00e0.<\/p><h2>L\u2019importanza di uno spazio protetto<\/h2><p>Il lavoro da fare \u00e8 ancora lungo ma questo risultato qualche mese fa sarebbe apparso improbabile.<br \/>Eppure, oltre alla volont\u00e0 e l\u2019impegno della piccola, \u00e8 servito il sostegno ricevuto dal progetto, l\u2019aver messo a disposizione uno spazio sicuro e inclusivo e aver dato alla bambina il tempo necessario per sentirsi a suo agio, potersi aprire ed esprimersi con sicurezza.<\/p><p>Il progetto <a href=\"https:\/\/terredeshommes.it\/eng\/back-to-the-future\/\" target=\"_blank\" rel=\"noopener\">Back to the Future<\/a> \u00e8 finanziato da <a href=\"https:\/\/civil-protection-humanitarian-aid.ec.europa.eu\/index_it\" target=\"_blank\" rel=\"noopener\">ECHO<\/a> ed \u00e8 realizzato in Libano da <a href=\"https:\/\/www.avsi.org\/\" target=\"_blank\" rel=\"noopener\">Avsi<\/a> e Terre des Hommes Italia.<\/p>","_et_gb_content_width":"","footnotes":""},"categories":[16],"tags":[],"class_list":["post-8050","post","type-post","status-publish","format-standard","has-post-thumbnail","hentry","category-comunicati"],"yoast_head":"<!-- This site is optimized with the Yoast SEO plugin v21.1 - https:\/\/yoast.com\/wordpress\/plugins\/seo\/ -->\n<title>Terre des Hommes \u00e8 in Libia per portare aiuti alla popolazione colpita dalla tempesta Daniel - Terre des Hommes Italia<\/title>\n<meta name=\"description\" content=\"La Fondazione distribuir\u00e0 acqua pulita e beni di prima necessit\u00e0 e offrir\u00e0 supporto psicologico alla popolazione colpita.\" \/>\n<meta name=\"robots\" content=\"index, follow, max-snippet:-1, max-image-preview:large, max-video-preview:-1\" \/>\n<link rel=\"canonical\" href=\"https:\/\/terredeshommes.it\/eng\/comunicati\/terre-des-hommes-e-in-libia-per-portare-aiuti-alla-popolazione-colpita-dalla-tempesta-daniel\/\" \/>\n<meta property=\"og:locale\" content=\"en_US\" \/>\n<meta property=\"og:type\" content=\"article\" \/>\n<meta property=\"og:title\" content=\"Terre des Hommes \u00e8 in Libia per portare aiuti alla popolazione colpita dalla tempesta Daniel - Terre des Hommes Italia\" \/>\n<meta property=\"og:description\" content=\"La Fondazione distribuir\u00e0 acqua pulita e beni di prima necessit\u00e0 e offrir\u00e0 supporto psicologico alla popolazione colpita.\" \/>\n<meta property=\"og:url\" content=\"https:\/\/terredeshommes.it\/eng\/comunicati\/terre-des-hommes-e-in-libia-per-portare-aiuti-alla-popolazione-colpita-dalla-tempesta-daniel\/\" \/>\n<meta property=\"og:site_name\" content=\"Terre des Hommes Italia\" \/>\n<meta property=\"article:published_time\" content=\"2023-09-18T13:34:45+00:00\" \/>\n<meta property=\"article:modified_time\" content=\"2023-09-18T13:34:48+00:00\" \/>\n<meta property=\"og:image\" content=\"https:\/\/terredeshommes.it\/eng\/wp-content\/uploads\/libia-home.jpg\" \/>\n\t<meta property=\"og:image:width\" content=\"1920\" \/>\n\t<meta property=\"og:image:height\" content=\"1080\" \/>\n\t<meta property=\"og:image:type\" content=\"image\/jpeg\" \/>\n<meta name=\"author\" content=\"Anna Bianchi\" \/>\n<meta name=\"twitter:card\" content=\"summary_large_image\" \/>\n<meta name=\"twitter:label1\" content=\"Written by\" \/>\n\t<meta name=\"twitter:data1\" content=\"Anna Bianchi\" \/>\n\t<meta name=\"twitter:label2\" content=\"Est. reading time\" \/>\n\t<meta name=\"twitter:data2\" content=\"3 minutes\" \/>\n<script type=\"application\/ld+json\" class=\"yoast-schema-graph\">{\"@context\":\"https:\/\/schema.org\",\"@graph\":[{\"@type\":\"WebPage\",\"@id\":\"https:\/\/terredeshommes.it\/eng\/comunicati\/terre-des-hommes-e-in-libia-per-portare-aiuti-alla-popolazione-colpita-dalla-tempesta-daniel\/\",\"url\":\"https:\/\/terredeshommes.it\/eng\/comunicati\/terre-des-hommes-e-in-libia-per-portare-aiuti-alla-popolazione-colpita-dalla-tempesta-daniel\/\",\"name\":\"Terre des Hommes \u00e8 in Libia per portare aiuti alla popolazione colpita dalla tempesta Daniel - Terre des Hommes Italia\",\"isPartOf\":{\"@id\":\"https:\/\/terredeshommes.it\/eng\/#website\"},\"datePublished\":\"2023-09-18T13:34:45+00:00\",\"dateModified\":\"2023-09-18T13:34:48+00:00\",\"author\":{\"@id\":\"https:\/\/terredeshommes.it\/eng\/#\/schema\/person\/dbba823406adc60a974a3434150e38d5\"},\"description\":\"La Fondazione distribuir\u00e0 acqua pulita e beni di prima necessit\u00e0 e offrir\u00e0 supporto psicologico alla popolazione colpita.\",\"breadcrumb\":{\"@id\":\"https:\/\/terredeshommes.it\/eng\/comunicati\/terre-des-hommes-e-in-libia-per-portare-aiuti-alla-popolazione-colpita-dalla-tempesta-daniel\/#breadcrumb\"},\"inLanguage\":\"en-US\",\"potentialAction\":[{\"@type\":\"ReadAction\",\"target\":[\"https:\/\/terredeshommes.it\/eng\/comunicati\/terre-des-hommes-e-in-libia-per-portare-aiuti-alla-popolazione-colpita-dalla-tempesta-daniel\/\"]}]},{\"@type\":\"BreadcrumbList\",\"@id\":\"https:\/\/terredeshommes.it\/eng\/comunicati\/terre-des-hommes-e-in-libia-per-portare-aiuti-alla-popolazione-colpita-dalla-tempesta-daniel\/#breadcrumb\",\"itemListElement\":[{\"@type\":\"ListItem\",\"position\":1,\"name\":\"Home\",\"item\":\"https:\/\/terredeshommes.it\/eng\/\"},{\"@type\":\"ListItem\",\"position\":2,\"name\":\"Terre des Hommes \u00e8 in Libia per portare aiuti alla popolazione colpita dalla tempesta Daniel\"}]},{\"@type\":\"WebSite\",\"@id\":\"https:\/\/terredeshommes.it\/eng\/#website\",\"url\":\"https:\/\/terredeshommes.it\/eng\/\",\"name\":\"Terre des Hommes Italia\",\"description\":\"Proteggiamo i bambini insieme\",\"potentialAction\":[{\"@type\":\"SearchAction\",\"target\":{\"@type\":\"EntryPoint\",\"urlTemplate\":\"https:\/\/terredeshommes.it\/eng\/?s={search_term_string}\"},\"query-input\":\"required name=search_term_string\"}],\"inLanguage\":\"en-US\"},{\"@type\":\"Person\",\"@id\":\"https:\/\/terredeshommes.it\/eng\/#\/schema\/person\/dbba823406adc60a974a3434150e38d5\",\"name\":\"Anna Bianchi\",\"url\":\"https:\/\/terredeshommes.it\/eng\/author\/a-bianchitdhitaly-org\/\"}]}<\/script>\n<!-- \/ Yoast SEO plugin. -->","yoast_head_json":{"title":"Terre des Hommes \u00e8 in Libia per portare aiuti alla popolazione colpita dalla tempesta Daniel - Terre des Hommes Italia","description":"La Fondazione distribuir\u00e0 acqua pulita e beni di prima necessit\u00e0 e offrir\u00e0 supporto psicologico alla popolazione colpita.","robots":{"index":"index","follow":"follow","max-snippet":"max-snippet:-1","max-image-preview":"max-image-preview:large","max-video-preview":"max-video-preview:-1"},"canonical":"https:\/\/terredeshommes.it\/eng\/comunicati\/terre-des-hommes-e-in-libia-per-portare-aiuti-alla-popolazione-colpita-dalla-tempesta-daniel\/","og_locale":"en_US","og_type":"article","og_title":"Terre des Hommes \u00e8 in Libia per portare aiuti alla popolazione colpita dalla tempesta Daniel - Terre des Hommes Italia","og_description":"La Fondazione distribuir\u00e0 acqua pulita e beni di prima necessit\u00e0 e offrir\u00e0 supporto psicologico alla popolazione colpita.","og_url":"https:\/\/terredeshommes.it\/eng\/comunicati\/terre-des-hommes-e-in-libia-per-portare-aiuti-alla-popolazione-colpita-dalla-tempesta-daniel\/","og_site_name":"Terre des Hommes Italia","article_published_time":"2023-09-18T13:34:45+00:00","article_modified_time":"2023-09-18T13:34:48+00:00","og_image":[{"width":1920,"height":1080,"url":"https:\/\/terredeshommes.it\/eng\/wp-content\/uploads\/libia-home.jpg","type":"image\/jpeg"}],"author":"Anna Bianchi","twitter_card":"summary_large_image","twitter_misc":{"Written by":"Anna Bianchi","Est. reading time":"3 minutes"},"schema":{"@context":"https:\/\/schema.org","@graph":[{"@type":"WebPage","@id":"https:\/\/terredeshommes.it\/eng\/comunicati\/terre-des-hommes-e-in-libia-per-portare-aiuti-alla-popolazione-colpita-dalla-tempesta-daniel\/","url":"https:\/\/terredeshommes.it\/eng\/comunicati\/terre-des-hommes-e-in-libia-per-portare-aiuti-alla-popolazione-colpita-dalla-tempesta-daniel\/","name":"Terre des Hommes \u00e8 in Libia per portare aiuti alla popolazione colpita dalla tempesta Daniel - Terre des Hommes Italia","isPartOf":{"@id":"https:\/\/terredeshommes.it\/eng\/#website"},"datePublished":"2023-09-18T13:34:45+00:00","dateModified":"2023-09-18T13:34:48+00:00","author":{"@id":"https:\/\/terredeshommes.it\/eng\/#\/schema\/person\/dbba823406adc60a974a3434150e38d5"},"description":"La Fondazione distribuir\u00e0 acqua pulita e beni di prima necessit\u00e0 e offrir\u00e0 supporto psicologico alla popolazione colpita.","breadcrumb":{"@id":"https:\/\/terredeshommes.it\/eng\/comunicati\/terre-des-hommes-e-in-libia-per-portare-aiuti-alla-popolazione-colpita-dalla-tempesta-daniel\/#breadcrumb"},"inLanguage":"en-US","potentialAction":[{"@type":"ReadAction","target":["https:\/\/terredeshommes.it\/eng\/comunicati\/terre-des-hommes-e-in-libia-per-portare-aiuti-alla-popolazione-colpita-dalla-tempesta-daniel\/"]}]},{"@type":"BreadcrumbList","@id":"https:\/\/terredeshommes.it\/eng\/comunicati\/terre-des-hommes-e-in-libia-per-portare-aiuti-alla-popolazione-colpita-dalla-tempesta-daniel\/#breadcrumb","itemListElement":[{"@type":"ListItem","position":1,"name":"Home","item":"https:\/\/terredeshommes.it\/eng\/"},{"@type":"ListItem","position":2,"name":"Terre des Hommes \u00e8 in Libia per portare aiuti alla popolazione colpita dalla tempesta Daniel"}]},{"@type":"WebSite","@id":"https:\/\/terredeshommes.it\/eng\/#website","url":"https:\/\/terredeshommes.it\/eng\/","name":"Terre des Hommes Italia","description":"Proteggiamo i bambini insieme","potentialAction":[{"@type":"SearchAction","target":{"@type":"EntryPoint","urlTemplate":"https:\/\/terredeshommes.it\/eng\/?s={search_term_string}"},"query-input":"required name=search_term_string"}],"inLanguage":"en-US"},{"@type":"Person","@id":"https:\/\/terredeshommes.it\/eng\/#\/schema\/person\/dbba823406adc60a974a3434150e38d5","name":"Anna Bianchi","url":"https:\/\/terredeshommes.it\/eng\/author\/a-bianchitdhitaly-org\/"}]}},"_links":{"self":[{"href":"https:\/\/terredeshommes.it\/eng\/wp-json\/wp\/v2\/posts\/8050","targetHints":{"allow":["GET"]}}],"collection":[{"href":"https:\/\/terredeshommes.it\/eng\/wp-json\/wp\/v2\/posts"}],"about":[{"href":"https:\/\/terredeshommes.it\/eng\/wp-json\/wp\/v2\/types\/post"}],"author":[{"embeddable":true,"href":"https:\/\/terredeshommes.it\/eng\/wp-json\/wp\/v2\/users\/6"}],"replies":[{"embeddable":true,"href":"https:\/\/terredeshommes.it\/eng\/wp-json\/wp\/v2\/comments?post=8050"}],"version-history":[{"count":4,"href":"https:\/\/terredeshommes.it\/eng\/wp-json\/wp\/v2\/posts\/8050\/revisions"}],"predecessor-version":[{"id":8054,"href":"https:\/\/terredeshommes.it\/eng\/wp-json\/wp\/v2\/posts\/8050\/revisions\/8054"}],"wp:featuredmedia":[{"embeddable":true,"href":"https:\/\/terredeshommes.it\/eng\/wp-json\/wp\/v2\/media\/8047"}],"wp:attachment":[{"href":"https:\/\/terredeshommes.it\/eng\/wp-json\/wp\/v2\/media?parent=8050"}],"wp:term":[{"taxonomy":"category","embeddable":true,"href":"https:\/\/terredeshommes.it\/eng\/wp-json\/wp\/v2\/categories?post=8050"},{"taxonomy":"post_tag","embeddable":true,"href":"https:\/\/terredeshommes.it\/eng\/wp-json\/wp\/v2\/tags?post=8050"}],"curies":[{"name":"wp","href":"https:\/\/api.w.org\/{rel}","templated":true}]}}