{"id":8061,"date":"2023-09-21T12:05:28","date_gmt":"2023-09-21T10:05:28","guid":{"rendered":"https:\/\/terredeshommes.it\/?p=8061"},"modified":"2023-09-21T12:05:28","modified_gmt":"2023-09-21T10:05:28","slug":"shaken-baby-syndrome-terre-des-hommes-presenta-oggi-i-dati-della-prima-ricerca-italiana-su-questa-forma-di-maltrattamento-infantile","status":"publish","type":"post","link":"https:\/\/terredeshommes.it\/eng\/comunicati\/shaken-baby-syndrome-terre-des-hommes-presenta-oggi-i-dati-della-prima-ricerca-italiana-su-questa-forma-di-maltrattamento-infantile\/","title":{"rendered":"Shaken Baby Syndrome. Terre des Hommes presenta oggi i dati della prima ricerca italiana su questa forma di maltrattamento infantile"},"content":{"rendered":"<p>[et_pb_section fb_built=&#8221;1&#8243; _builder_version=&#8221;4.16&#8243; global_colors_info=&#8221;{}&#8221;][et_pb_row _builder_version=&#8221;4.16&#8243; background_size=&#8221;initial&#8221; background_position=&#8221;top_left&#8221; background_repeat=&#8221;repeat&#8221; global_colors_info=&#8221;{}&#8221;][et_pb_column type=&#8221;4_4&#8243; _builder_version=&#8221;4.16&#8243; custom_padding=&#8221;|||&#8221; global_colors_info=&#8221;{}&#8221; custom_padding__hover=&#8221;|||&#8221;][et_pb_text _builder_version=&#8221;4.18.0&#8243; background_size=&#8221;initial&#8221; background_position=&#8221;top_left&#8221; background_repeat=&#8221;repeat&#8221; global_colors_info=&#8221;{}&#8221;]<\/p>\n<p><a href=\"https:\/\/terredeshommes.it\/eng\" target=\"_blank\" rel=\"noopener\">Terre des Hommes<\/a> presenta oggi la prima ricerca in Italia sui bambini e bambine vittime di Shaken Baby Syndrome.<\/p>\n<p>La <strong>Shaken Baby Syndrome<\/strong>, o sindrome del bambino scosso, \u00e8 una grave forma di maltrattamento fisico, che si verifica quando il neonato viene scosso violentemente dal caregiver, come reazione al suo pianto inconsolabile.<\/p>\n<p style=\"text-align: center;\"><a href=\"https:\/\/nonscuoterlo.terredeshommes.it\/la-prima-indagine-sulla-shaken-baby-syndrome-in-italia\/\" target=\"_blank\" rel=\"noopener\">Scarica qui il report completo\u00a0<\/a><\/p>\n<h3>CHE COS&#8217;\u00e8 LA SHAKEN BABY SYNDROME<\/h3>\n<p>Il pianto \u00e8 il linguaggio usato dal neonato per richiamare l\u2019attenzione dei genitori sui propri bisogni. Tuttavia, pu\u00f2 attivare nel caregiver un senso di disorientamento e frustrazione rispetto alla capacit\u00e0 di risoluzione del problema, che alimentano via, via un senso di ansia, vergogna, finanche vera e propria rabbia, per l\u2019impossibilit\u00e0 di mettere fine a un evento, di fatto, non pi\u00f9 sopportabile.<\/p>\n<p>La letteratura scientifica sostiene che <strong>un caso <\/strong><strong>di scuotimento <\/strong><strong>su 4<\/strong> porti alla <strong>morte o coma del neonato<\/strong> e in 2 casi su 3 provochino danni permanenti.<\/p>\n<p>L\u2019indagine, presentata oggi da Terre des Hommes presso la sede dell\u2019<a href=\"https:\/\/www.garanteinfanzia.org\/\" target=\"_blank\" rel=\"noopener\"><strong>Agia<\/strong><\/a> a Roma, alla presenza dell\u2019Autorit\u00e0 garante per l\u2019infanzia e l\u2019adolescenza nasce dalla consapevolezza che, nonostante le gravi conseguenze, potenzialmente letali, in Italia la sindrome <strong>\u00e8 ancora poco conosciuta, e difficile da diagnosticare. <\/strong><\/p>\n<p><em>\u201cLa prima indagine sui casi di bambine e bambini vittime di shaken baby syndrome in Italia rappresenta un significativo passo in avanti non solo nella conoscenza del fenomeno, ma anche nella costruzione di un sistema di protezione e prevenzione sostenibile\u201d <\/em>afferma <strong>Carla Garlatti, Autorit\u00e0 garante per l\u2019infanzia e l\u2019adolescenza<\/strong>. \u201c<em>La consapevolezza costituisce il primo passo per la promozione di nuove sensibilit\u00e0 e di una maggiore responsabilit\u00e0 formativa e culturale dei professionisti, rafforzando il lavoro di rete e la diffusione di un linguaggio universale<\/em>\u201d.<\/p>\n<h3>LA RETE OSPEDALIERA PER LA PREVENZIONE DEL MALTRATTAMENTO ALL\u2019INFANZIA<\/h3>\n<p>Lo studio \u00e8 frutto di una consolidata collaborazione tra la Fondazione, che <strong>dal 2017<\/strong> promuove la campagna di sensibilizzazione #NONSCUOTERLO! e la <strong>Rete<\/strong> <strong>Ospedaliera per la Prevenzione del Maltrattamento all\u2019Infanzia<\/strong> che \u00e8 composta da <strong>Ospedale Infantile Regina Margherita di Torino<\/strong>, <strong>Ospedale Vittore Buzzi di Milano<\/strong>, <strong>Azienda Ospedaliera Universitaria di Padova<\/strong>, <strong>IRCC &#8211;<\/strong> <strong>Istituto Giannina Gaslini di Genova<\/strong>, <strong>Azienda Ospedaliera Universitaria Meyer IRCCS di Firenze<\/strong>, <strong>Azienda Ospedaliero Universitaria Policlinico Giovanni XXIII di Bari <\/strong>e <strong>l\u2019Ospedale Santobono &#8211; A.O.R.N. Santobono-Pausilipon di Napoli. <\/strong><\/p>\n<h3>I RISULTATI<\/h3>\n<p>La rilevazione, condotta nella primavera del 2023, ha preso in considerazione <strong>47 casi di Shaken Baby Syndrome<\/strong> diagnosticati dagli ospedali partecipanti nell\u2019arco di tempo <strong>dal 2018 al 2022.<br \/><\/strong><\/p>\n<p>Purtroppo, in <strong>5 casi<\/strong> i gravi danni riportati hanno causato la <strong>morte<\/strong> dei neonati, mentre in altri <strong>25 casi<\/strong> a distanza di tempo si sono verificate <strong>gravi compromissioni del percorso evolutivo<\/strong> del bambino o della bambina.<\/p>\n<p>In <strong>34 casi su 47<\/strong> i neonati hanno <strong>meno di 6 mesi<\/strong> e per tutte le fasce di et\u00e0 identificate (da 0 a 2 anni) sono pi\u00f9 frequenti vittime di genere maschile. Il 35% dei bambini e delle bambine risulta essere prematuro e con altre patologie, due fattori che aumentano il rischio di subire scuotimento.<\/p>\n<p>L\u2019accertamento fondamentale per rilevare sintomi da scuotimento \u00e8 la <strong>risonanza magnetica<\/strong>, o la TAC, ma nel 40% dei casi tali esami sono stati fatti solo dopo 24 ore dall\u2019ingresso in pronto soccorso, un ritardo che rende pi\u00f9 difficile la diagnosi e quindi la corretta presa in carico della vittima.<\/p>\n<p>Inoltre, frequentemente lo scuotimento avviene all\u2019interno di un <strong>quadro di maltrattamento pi\u00f9 ampio<\/strong>. Nella casistica presa in considerazione ben <strong>29 casi su 47<\/strong> presentano questa drammatica compresenza di <strong>diverse forme di maltrattamento<\/strong>.<\/p>\n<p>1\/3 dei casi rilevati era gi\u00e0 stato in pronto soccorso o per altre patologie (21%) o per sintomi sospetti di scuotimento (15%).\u00a0 E si \u00e8 accertato che 1\/4 dei bambini e bambine arrivate in ps era gi\u00e0 vittima di scuotimento.<\/p>\n<p>L&#8217;indagine inoltre individua <strong>alcune caratteristiche delle famiglie di provenienza delle vittime<\/strong>, e nonostante la Shaken baby Syndrome non conosca barriere di tipo sociale, economico o culturale, i dati rilevano che la maggioranza dei nuclei famigliari coinvolti (<strong>33 su 47<\/strong>) presenta <strong>problematicit\u00e0<\/strong> legate a marginalit\u00e0 sociale, violenza, dipendenza, delinquenza, patologia psichica (soprattutto depressione materna) o organica e spesso sono nuclei gi\u00e0 noti all\u2019Autorit\u00e0 Giudiziaria e presi in carico dalla rete dei Servizi Sociali.<\/p>\n<p>Da ci\u00f2 si deduce che parte fondamentale del percorso diagnostico \u00e8 la <strong>collaborazione di Servizi Sociali e Autorit\u00e0 Giudiziaria<\/strong> per individuare e successivamente gestire fragilit\u00e0 famigliari, tali collaborazioni sono spesso presenti nei centri ospedalieri specializzati su abuso e maltrattamento ma dovrebbero essere presenti anche nei Pronto Soccorsi.<\/p>\n<h3>IL LAVORO DI TERRE DES HOMMES PER PREVENIRE E SENSIBILIZZARE<\/h3>\n<p><em>\u201cQuesto studio \u00e8 pionieristico per il nostro Paese, perch\u00e9 per la prima volta ci permette di raccontare la Shaken Baby Syndrome al grande pubblico e alle istituzioni facendo riferimento a dati reali e prassi che ogni giorno vengono adottate da chi \u00e8 in prima linea nell\u2019intercettarla negli ospedali italiani.\u201d<\/em> Afferma <strong>Federica Giannotta, Responsabile Advocacy e programmi Italia di Terre des Hommes <\/strong>\u201c<em>Siamo orgogliosi che nuove realt\u00e0 ospedaliere abbiano scelto di contribuire a questo lavoro, confermando la priorit\u00e0 del tema e sono certa che l\u2019indagine e i nuovi materiali prodotti, amplificheranno la portata della Campagna NONSCUOTERLO! favorendone estensione, impatto e riconoscimento istituzionale di Terre des Hommes e della Rete ospedaliera per la prevenzione del maltrattamento all\u2019infanzia.\u201d<\/em><\/p>\n<h3>LE RACCOMANDAZIONI<\/h3>\n<ul>\n<li>Ogni Regione disponga di almeno un <strong>Centro Ospedaliero pediatrico referente<\/strong> per il territorio con specifica struttura ed expertise in materia di maltrattamento infantile.<\/li>\n<li>In aggiunta al Centro ospedaliero di riferimento regionale, ogni grande ospedale pediatrico disponga di <strong>equipe multidisciplinari e specializzate<\/strong>, dotazioni strumentali e facilities che permettano di formulare le opportune diagnosi di maltrattamento e attuare un pannello di diagnosi differenziale completo.<\/li>\n<li>Il <strong>maltrattamento all\u2019infanzia sia previsto come materia di studio curriculare<\/strong> nella Facolt\u00e0 di Medicina e Chirurgia onde garantire una preparazione di base degli aspiranti medici sul tema. Non \u00e8 infatti sufficiente prevedere questa materia quale mero oggetto di studio nei percorsi facoltativi per i crediti universitari.<\/li>\n<li>La prevenzione del maltrattamento sia inserita nel <strong>Piano Nazionale di Prevenzione Sanitaria<\/strong>.<\/li>\n<li>Che per i casi di sospetto maltrattamento sia istituito un <strong>Codice specifico<\/strong>, sull\u2019esperienza di altri gi\u00e0 previsti per altre tipologie di violenza a danno delle donne.<\/li>\n<li>Che i <strong>Pronto Soccorso possano essere messi in rete<\/strong>, almeno a livello regionale, per poter identificare in tempo reale accessi sospetti di casi di maltrattamento, cos\u00ec da poter attivare una risposta diagnostica pi\u00f9 mirata e tempestiva non solo per i casi di Shaken Baby Syndrome.<\/li>\n<li>La <strong>Rete Ospedaliera per la Prevenzione del Maltrattamento all\u2019Infanzia sia riconosciuta dai policy makers<\/strong> quale stakeholder chiave nella definizione di politiche funzionali alla prevenzione del maltrattamento sui bambini e bambine, dal punto di vista medico e clinico.<\/li>\n<\/ul>\n<h3>LA CAMPAGNA #NONSCUOTERLO!<\/h3>\n<p>Lo studio \u00e8 stato realizzato all\u2019interno della campagna <a href=\"https:\/\/nonscuoterlo.terredeshommes.it\/\" target=\"_blank\" rel=\"noopener\"><strong>NON SCUOTERLO<\/strong><\/a>, iniziativa multi strumento, ideata da Terre des Hommes, che oggi si compone di un sito: <a href=\"https:\/\/nonscuoterlo.terredeshommes.it\/\"><span>nonscuoterlo.it<\/span><\/a>, uno <a href=\"https:\/\/www.youtube.com\/watch?v=9GID87O7CIY\"><span>SPOT<\/span><\/a>, leaflet informativi, video, contenuti di esperti nonch\u00e9, infine, tutorial a supporto dei caregiver volti a prevenire situazioni di rischio scuotimento.\u00a0 La campagna inoltre ha sviluppato diverse iniziative di formazione, rivolte a medici e specializzandi di medicina che puntano a rafforzare la preparazione dei professionisti del mondo sanitario nel riconoscere e diagnosticare questa forma di maltrattamento.<\/p>\n<p>La conferenza di presentazione dell\u2019indagine ha ricevuto il patrocinio di: <strong>AGIA <\/strong>(Autorit\u00e0 Garante per l\u2019Infanzia e l\u2019Adolescenza) <strong>AOPI <\/strong>(Associazione Ospedali Pediatrici Italiani) <strong>SIMEUP<\/strong> (Societ\u00e0 Italiana di Medicina di Emergenza ed Emergenza Pediatrica) <strong>SIP<\/strong> (Societ\u00e0 Italiana di Pediatria) e <strong>CNR<\/strong> (Consiglio Nazionale delle Ricerche).<\/p>\n<p>&nbsp;<\/p>\n<p>&nbsp;<\/p>\n<p>[\/et_pb_text][\/et_pb_column][\/et_pb_row][\/et_pb_section]<\/p>\n","protected":false},"excerpt":{"rendered":"<p>Terre des Hommes presenta oggi la prima ricerca in Italia sui bambini e bambine vittime di Shaken Baby Syndrome. La Shaken Baby Syndrome, o sindrome del bambino scosso, \u00e8 una grave forma di maltrattamento fisico, che si verifica quando il neonato viene scosso violentemente dal caregiver, come reazione al suo pianto inconsolabile. Scarica qui il [&hellip;]<\/p>\n","protected":false},"author":6,"featured_media":7928,"comment_status":"closed","ping_status":"closed","sticky":false,"template":"","format":"standard","meta":{"_et_pb_use_builder":"on","_et_pb_old_content":"<p>\u00c8 timida, scontrosa o ha qualcosa di strano?<br \/>Tante erano le ipotesi che giravano riguardo Sally tra i suoi compagni di classe.<br \/><strong>La bimba, 6 anni, da qualche mese frequenta le lezioni di Educazione della prima infanzia nel centro educativo di Terre des Hommes Italia<\/strong> ad Arsal, una cittadina libanese vicino al confine con la Siria, dove la sua famiglia si \u00e8 rifugiata a causa della guerra.<br \/><strong>Fin dall'inizio della scuola Sally si \u00e8 dimostrata molto introversa, con la tendenza a isolarsi e non comunicare con i suoi coetanei<\/strong>.<\/p><p>Le educatrici hanno voluto parlare con la madre, la quale ha confermato che <strong>Sally parlava raramente a casa e mai fuori<\/strong>.<br \/>Nonostante gli sforzi il comportamento di Sally in classe si \u00e8 rivelato sempre pi\u00f9 problematico, per questo \u00e8 stato deciso di inserirla in un percorso personalizzato di sostegno e inclusione offerto dal progetto <a href=\"https:\/\/terredeshommes.it\/eng\/back-to-the-future\/\" target=\"_blank\" rel=\"noopener\">Back to the Future<\/a>.<\/p><h2>Un percorso per superare le difficolt\u00e0<\/h2><p>Seguendo le raccomandazioni degli esperti, l<strong>'insegnante ha utilizzato diversi metodi di apprendimento per incoraggiare la partecipazione di Sally in classe<\/strong>, soprattutto nelle attivit\u00e0 di gruppo, e per assicurarsi che comprendesse correttamente le lezioni.<\/p><p>Per aiutarla a sviluppare la sua personalit\u00e0 <strong>alla bambina \u00e8 stato assegnato qualche piccolo incarico<\/strong>, come assistere l'insegnante nella distribuzione di cancelleria e libri ai suoi compagni di classe e la conduzione di alcune attivit\u00e0 e giochi.<\/p><p>Questi compiti hanno portato a una maggiore interazione di Sally con l\u2019insegnante e i compagni. <strong>La bambina ha iniziato a comunicare scrivendo risposte e messaggi fogli e lavagne<\/strong>, oppure attraverso l\u2019espressione del viso e il linguaggio del corpo.<\/p><p>Nel frattempo <strong>sono state concordate una serie di sedute con uno psicoterapeuta<\/strong>, a cui la bambina veniva accompagnata dalle educatrici. Il costo del trasporto \u00e8 stato coperto dallo stesso progetto.<br \/>Lo psicoterapeuta poi dava loro le raccomandazioni per sostenere il percorso della bambina anche a casa.<\/p><p><strong>Poi, \u00e8 arrivato un momento indimenticabile<\/strong>.<br \/>Durante una lezione <strong>Sally ha iniziato a pronunciare con sicurezza le sue prime parole<\/strong>.<br \/>Sillabando le lettere, ha recitato i giorni della settimana e i mesi dell'anno.<br \/><strong>Tutta la classe \u00e8 scoppiata in un applauso<\/strong> e il suo cuore si \u00e8 riempito di orgoglio e contentezza.<\/p><p>Appena tornata a casa, ha raccontato tutto alla madre dicendo: \"<em>Sono molto felice, mi piace il centro educativo e mi piacciono i miei amici!<\/em>\"<br \/>Era sopraffatta dalla felicit\u00e0.<\/p><h2>L\u2019importanza di uno spazio protetto<\/h2><p>Il lavoro da fare \u00e8 ancora lungo ma questo risultato qualche mese fa sarebbe apparso improbabile.<br \/>Eppure, oltre alla volont\u00e0 e l\u2019impegno della piccola, \u00e8 servito il sostegno ricevuto dal progetto, l\u2019aver messo a disposizione uno spazio sicuro e inclusivo e aver dato alla bambina il tempo necessario per sentirsi a suo agio, potersi aprire ed esprimersi con sicurezza.<\/p><p>Il progetto <a href=\"https:\/\/terredeshommes.it\/eng\/back-to-the-future\/\" target=\"_blank\" rel=\"noopener\">Back to the Future<\/a> \u00e8 finanziato da <a href=\"https:\/\/civil-protection-humanitarian-aid.ec.europa.eu\/index_it\" target=\"_blank\" rel=\"noopener\">ECHO<\/a> ed \u00e8 realizzato in Libano da <a href=\"https:\/\/www.avsi.org\/\" target=\"_blank\" rel=\"noopener\">Avsi<\/a> e Terre des Hommes Italia.<\/p>","_et_gb_content_width":"","footnotes":""},"categories":[16],"tags":[],"class_list":["post-8061","post","type-post","status-publish","format-standard","has-post-thumbnail","hentry","category-comunicati"],"yoast_head":"<!-- This site is optimized with the Yoast SEO plugin v21.1 - https:\/\/yoast.com\/wordpress\/plugins\/seo\/ -->\n<title>Shaken Baby Syndrome. Terre des Hommes presenta oggi i dati della prima ricerca italiana su questa forma di maltrattamento infantile<\/title>\n<meta name=\"description\" content=\"Presentata oggi a Roma la prima ricerca in Italia sui bambini e le bambine vittime di shaken Baby Syndrome in Italia\" \/>\n<meta name=\"robots\" content=\"index, follow, max-snippet:-1, max-image-preview:large, max-video-preview:-1\" \/>\n<link rel=\"canonical\" href=\"https:\/\/terredeshommes.it\/eng\/comunicati\/shaken-baby-syndrome-terre-des-hommes-presenta-oggi-i-dati-della-prima-ricerca-italiana-su-questa-forma-di-maltrattamento-infantile\/\" \/>\n<meta property=\"og:locale\" content=\"en_US\" \/>\n<meta property=\"og:type\" content=\"article\" \/>\n<meta property=\"og:title\" content=\"Shaken Baby Syndrome. Terre des Hommes presenta oggi i dati della prima ricerca italiana su questa forma di maltrattamento infantile\" \/>\n<meta property=\"og:description\" content=\"Presentata oggi a Roma la prima ricerca in Italia sui bambini e le bambine vittime di shaken Baby Syndrome in Italia\" \/>\n<meta property=\"og:url\" content=\"https:\/\/terredeshommes.it\/eng\/comunicati\/shaken-baby-syndrome-terre-des-hommes-presenta-oggi-i-dati-della-prima-ricerca-italiana-su-questa-forma-di-maltrattamento-infantile\/\" \/>\n<meta property=\"og:site_name\" content=\"Terre des Hommes Italia\" \/>\n<meta property=\"article:published_time\" content=\"2023-09-21T10:05:28+00:00\" \/>\n<meta property=\"og:image\" content=\"https:\/\/terredeshommes.it\/eng\/wp-content\/uploads\/visual-presentazione-shaken-1.jpg\" \/>\n\t<meta property=\"og:image:width\" content=\"1916\" \/>\n\t<meta property=\"og:image:height\" content=\"897\" \/>\n\t<meta property=\"og:image:type\" content=\"image\/jpeg\" \/>\n<meta name=\"author\" content=\"Anna Bianchi\" \/>\n<meta name=\"twitter:card\" content=\"summary_large_image\" \/>\n<meta name=\"twitter:label1\" content=\"Written by\" \/>\n\t<meta name=\"twitter:data1\" content=\"Anna Bianchi\" \/>\n\t<meta name=\"twitter:label2\" content=\"Est. reading time\" \/>\n\t<meta name=\"twitter:data2\" content=\"7 minutes\" \/>\n<script type=\"application\/ld+json\" class=\"yoast-schema-graph\">{\"@context\":\"https:\/\/schema.org\",\"@graph\":[{\"@type\":\"WebPage\",\"@id\":\"https:\/\/terredeshommes.it\/eng\/comunicati\/shaken-baby-syndrome-terre-des-hommes-presenta-oggi-i-dati-della-prima-ricerca-italiana-su-questa-forma-di-maltrattamento-infantile\/\",\"url\":\"https:\/\/terredeshommes.it\/eng\/comunicati\/shaken-baby-syndrome-terre-des-hommes-presenta-oggi-i-dati-della-prima-ricerca-italiana-su-questa-forma-di-maltrattamento-infantile\/\",\"name\":\"Shaken Baby Syndrome. Terre des Hommes presenta oggi i dati della prima ricerca italiana su questa forma di maltrattamento infantile\",\"isPartOf\":{\"@id\":\"https:\/\/terredeshommes.it\/eng\/#website\"},\"datePublished\":\"2023-09-21T10:05:28+00:00\",\"dateModified\":\"2023-09-21T10:05:28+00:00\",\"author\":{\"@id\":\"https:\/\/terredeshommes.it\/eng\/#\/schema\/person\/dbba823406adc60a974a3434150e38d5\"},\"description\":\"Presentata oggi a Roma la prima ricerca in Italia sui bambini e le bambine vittime di shaken Baby Syndrome in Italia\",\"breadcrumb\":{\"@id\":\"https:\/\/terredeshommes.it\/eng\/comunicati\/shaken-baby-syndrome-terre-des-hommes-presenta-oggi-i-dati-della-prima-ricerca-italiana-su-questa-forma-di-maltrattamento-infantile\/#breadcrumb\"},\"inLanguage\":\"en-US\",\"potentialAction\":[{\"@type\":\"ReadAction\",\"target\":[\"https:\/\/terredeshommes.it\/eng\/comunicati\/shaken-baby-syndrome-terre-des-hommes-presenta-oggi-i-dati-della-prima-ricerca-italiana-su-questa-forma-di-maltrattamento-infantile\/\"]}]},{\"@type\":\"BreadcrumbList\",\"@id\":\"https:\/\/terredeshommes.it\/eng\/comunicati\/shaken-baby-syndrome-terre-des-hommes-presenta-oggi-i-dati-della-prima-ricerca-italiana-su-questa-forma-di-maltrattamento-infantile\/#breadcrumb\",\"itemListElement\":[{\"@type\":\"ListItem\",\"position\":1,\"name\":\"Home\",\"item\":\"https:\/\/terredeshommes.it\/eng\/\"},{\"@type\":\"ListItem\",\"position\":2,\"name\":\"Shaken Baby Syndrome. Terre des Hommes presenta oggi i dati della prima ricerca italiana su questa forma di maltrattamento infantile\"}]},{\"@type\":\"WebSite\",\"@id\":\"https:\/\/terredeshommes.it\/eng\/#website\",\"url\":\"https:\/\/terredeshommes.it\/eng\/\",\"name\":\"Terre des Hommes Italia\",\"description\":\"Proteggiamo i bambini insieme\",\"potentialAction\":[{\"@type\":\"SearchAction\",\"target\":{\"@type\":\"EntryPoint\",\"urlTemplate\":\"https:\/\/terredeshommes.it\/eng\/?s={search_term_string}\"},\"query-input\":\"required name=search_term_string\"}],\"inLanguage\":\"en-US\"},{\"@type\":\"Person\",\"@id\":\"https:\/\/terredeshommes.it\/eng\/#\/schema\/person\/dbba823406adc60a974a3434150e38d5\",\"name\":\"Anna Bianchi\",\"url\":\"https:\/\/terredeshommes.it\/eng\/author\/a-bianchitdhitaly-org\/\"}]}<\/script>\n<!-- \/ Yoast SEO plugin. -->","yoast_head_json":{"title":"Shaken Baby Syndrome. Terre des Hommes presenta oggi i dati della prima ricerca italiana su questa forma di maltrattamento infantile","description":"Presentata oggi a Roma la prima ricerca in Italia sui bambini e le bambine vittime di shaken Baby Syndrome in Italia","robots":{"index":"index","follow":"follow","max-snippet":"max-snippet:-1","max-image-preview":"max-image-preview:large","max-video-preview":"max-video-preview:-1"},"canonical":"https:\/\/terredeshommes.it\/eng\/comunicati\/shaken-baby-syndrome-terre-des-hommes-presenta-oggi-i-dati-della-prima-ricerca-italiana-su-questa-forma-di-maltrattamento-infantile\/","og_locale":"en_US","og_type":"article","og_title":"Shaken Baby Syndrome. Terre des Hommes presenta oggi i dati della prima ricerca italiana su questa forma di maltrattamento infantile","og_description":"Presentata oggi a Roma la prima ricerca in Italia sui bambini e le bambine vittime di shaken Baby Syndrome in Italia","og_url":"https:\/\/terredeshommes.it\/eng\/comunicati\/shaken-baby-syndrome-terre-des-hommes-presenta-oggi-i-dati-della-prima-ricerca-italiana-su-questa-forma-di-maltrattamento-infantile\/","og_site_name":"Terre des Hommes Italia","article_published_time":"2023-09-21T10:05:28+00:00","og_image":[{"width":1916,"height":897,"url":"https:\/\/terredeshommes.it\/eng\/wp-content\/uploads\/visual-presentazione-shaken-1.jpg","type":"image\/jpeg"}],"author":"Anna Bianchi","twitter_card":"summary_large_image","twitter_misc":{"Written by":"Anna Bianchi","Est. reading time":"7 minutes"},"schema":{"@context":"https:\/\/schema.org","@graph":[{"@type":"WebPage","@id":"https:\/\/terredeshommes.it\/eng\/comunicati\/shaken-baby-syndrome-terre-des-hommes-presenta-oggi-i-dati-della-prima-ricerca-italiana-su-questa-forma-di-maltrattamento-infantile\/","url":"https:\/\/terredeshommes.it\/eng\/comunicati\/shaken-baby-syndrome-terre-des-hommes-presenta-oggi-i-dati-della-prima-ricerca-italiana-su-questa-forma-di-maltrattamento-infantile\/","name":"Shaken Baby Syndrome. Terre des Hommes presenta oggi i dati della prima ricerca italiana su questa forma di maltrattamento infantile","isPartOf":{"@id":"https:\/\/terredeshommes.it\/eng\/#website"},"datePublished":"2023-09-21T10:05:28+00:00","dateModified":"2023-09-21T10:05:28+00:00","author":{"@id":"https:\/\/terredeshommes.it\/eng\/#\/schema\/person\/dbba823406adc60a974a3434150e38d5"},"description":"Presentata oggi a Roma la prima ricerca in Italia sui bambini e le bambine vittime di shaken Baby Syndrome in Italia","breadcrumb":{"@id":"https:\/\/terredeshommes.it\/eng\/comunicati\/shaken-baby-syndrome-terre-des-hommes-presenta-oggi-i-dati-della-prima-ricerca-italiana-su-questa-forma-di-maltrattamento-infantile\/#breadcrumb"},"inLanguage":"en-US","potentialAction":[{"@type":"ReadAction","target":["https:\/\/terredeshommes.it\/eng\/comunicati\/shaken-baby-syndrome-terre-des-hommes-presenta-oggi-i-dati-della-prima-ricerca-italiana-su-questa-forma-di-maltrattamento-infantile\/"]}]},{"@type":"BreadcrumbList","@id":"https:\/\/terredeshommes.it\/eng\/comunicati\/shaken-baby-syndrome-terre-des-hommes-presenta-oggi-i-dati-della-prima-ricerca-italiana-su-questa-forma-di-maltrattamento-infantile\/#breadcrumb","itemListElement":[{"@type":"ListItem","position":1,"name":"Home","item":"https:\/\/terredeshommes.it\/eng\/"},{"@type":"ListItem","position":2,"name":"Shaken Baby Syndrome. Terre des Hommes presenta oggi i dati della prima ricerca italiana su questa forma di maltrattamento infantile"}]},{"@type":"WebSite","@id":"https:\/\/terredeshommes.it\/eng\/#website","url":"https:\/\/terredeshommes.it\/eng\/","name":"Terre des Hommes Italia","description":"Proteggiamo i bambini insieme","potentialAction":[{"@type":"SearchAction","target":{"@type":"EntryPoint","urlTemplate":"https:\/\/terredeshommes.it\/eng\/?s={search_term_string}"},"query-input":"required name=search_term_string"}],"inLanguage":"en-US"},{"@type":"Person","@id":"https:\/\/terredeshommes.it\/eng\/#\/schema\/person\/dbba823406adc60a974a3434150e38d5","name":"Anna Bianchi","url":"https:\/\/terredeshommes.it\/eng\/author\/a-bianchitdhitaly-org\/"}]}},"_links":{"self":[{"href":"https:\/\/terredeshommes.it\/eng\/wp-json\/wp\/v2\/posts\/8061","targetHints":{"allow":["GET"]}}],"collection":[{"href":"https:\/\/terredeshommes.it\/eng\/wp-json\/wp\/v2\/posts"}],"about":[{"href":"https:\/\/terredeshommes.it\/eng\/wp-json\/wp\/v2\/types\/post"}],"author":[{"embeddable":true,"href":"https:\/\/terredeshommes.it\/eng\/wp-json\/wp\/v2\/users\/6"}],"replies":[{"embeddable":true,"href":"https:\/\/terredeshommes.it\/eng\/wp-json\/wp\/v2\/comments?post=8061"}],"version-history":[{"count":4,"href":"https:\/\/terredeshommes.it\/eng\/wp-json\/wp\/v2\/posts\/8061\/revisions"}],"predecessor-version":[{"id":8076,"href":"https:\/\/terredeshommes.it\/eng\/wp-json\/wp\/v2\/posts\/8061\/revisions\/8076"}],"wp:featuredmedia":[{"embeddable":true,"href":"https:\/\/terredeshommes.it\/eng\/wp-json\/wp\/v2\/media\/7928"}],"wp:attachment":[{"href":"https:\/\/terredeshommes.it\/eng\/wp-json\/wp\/v2\/media?parent=8061"}],"wp:term":[{"taxonomy":"category","embeddable":true,"href":"https:\/\/terredeshommes.it\/eng\/wp-json\/wp\/v2\/categories?post=8061"},{"taxonomy":"post_tag","embeddable":true,"href":"https:\/\/terredeshommes.it\/eng\/wp-json\/wp\/v2\/tags?post=8061"}],"curies":[{"name":"wp","href":"https:\/\/api.w.org\/{rel}","templated":true}]}}